{"id":1341,"date":"2020-08-21T13:16:05","date_gmt":"2020-08-21T13:16:05","guid":{"rendered":"https:\/\/floridareprofreedom.org\/?p=1341"},"modified":"2020-08-21T13:17:06","modified_gmt":"2020-08-21T13:17:06","slug":"perdido","status":"publish","type":"post","link":"https:\/\/floridareprofreedom.org\/es\/2020\/08\/21\/lost\/","title":{"rendered":"Algunos legisladores perdieron las primarias por el proyecto de ley de consentimiento parental."},"content":{"rendered":"<p><a href=\"https:\/\/www.floridaphoenix.com\/2020\/08\/19\/on-the-abortion-rights-front-advocates-say-some-state-lawmakers-lost-their-races-over-the-issue\/\">Frente al derecho al aborto: Los activistas afirman que algunos legisladores perdieron sus elecciones por el proyecto de ley sobre el consentimiento parental.<\/a><br \/>\nPor Diane Rado<br \/>\nF\u00e9nix de Florida<br \/>\nCuando la C\u00e1mara de Representantes estatal consider\u00f3 un controvertido proyecto de ley sobre el consentimiento parental durante la sesi\u00f3n legislativa de 2020, la mayor\u00eda de los dem\u00f3cratas, aunque no todos, votaron en contra de la medida. Los republicanos la apoyaron de forma abrumadora.<\/p>\n<p><a href=\"https:\/\/www.floridaphoenix.com\/2020\/08\/19\/on-the-abortion-rights-front-advocates-say-some-state-lawmakers-lost-their-races-over-the-issue\/\">Leer m\u00e1s\u2026<\/a><\/p>\n<p>&nbsp;<\/p>","protected":false},"excerpt":{"rendered":"<p>Ahora que han terminado las elecciones primarias, en algunos casos los legisladores est\u00e1n viendo las repercusiones en el tema del aborto, seg\u00fan el Comit\u00e9 de Acci\u00f3n Pol\u00edtica de Planned Parenthood de Florida.<\/p>","protected":false},"author":3,"featured_media":0,"comment_status":"closed","ping_status":"closed","sticky":false,"template":"","format":"standard","meta":{"footnotes":""},"categories":[4],"tags":[],"class_list":["post-1341","post","type-post","status-publish","format-standard","hentry","category-news"],"yoast_head":"<!-- This site is optimized with the Yoast SEO plugin v27.4 - https:\/\/yoast.com\/product\/yoast-seo-wordpress\/ -->\n<title>Some lawmakers lost Primary races over the parental consent bill - Floridians For Reproductive Freedom<\/title>\n<meta name=\"robots\" content=\"index, follow, max-snippet:-1, max-image-preview:large, max-video-preview:-1\" \/>\n<link rel=\"canonical\" href=\"https:\/\/floridareprofreedom.org\/es\/2020\/08\/21\/perdido\/\" \/>\n<meta property=\"og:locale\" content=\"es_ES\" \/>\n<meta property=\"og:type\" content=\"article\" \/>\n<meta property=\"og:title\" content=\"Some lawmakers lost Primary races over the parental consent bill - Floridians For Reproductive Freedom\" \/>\n<meta property=\"og:description\" content=\"Now that the primary election is over, lawmakers in some cases are seeing the fallout on the abortion issue, according to Florida Planned Parenthood PAC.\" \/>\n<meta property=\"og:url\" content=\"https:\/\/floridareprofreedom.org\/es\/2020\/08\/21\/perdido\/\" \/>\n<meta property=\"og:site_name\" content=\"Floridians For Reproductive Freedom\" \/>\n<meta property=\"article:publisher\" content=\"https:\/\/www.facebook.com\/FloridaReproFreedom\/\" \/>\n<meta property=\"article:published_time\" content=\"2020-08-21T13:16:05+00:00\" \/>\n<meta property=\"article:modified_time\" content=\"2020-08-21T13:17:06+00:00\" \/>\n<meta name=\"author\" content=\"Amy Weintraub\" \/>\n<meta name=\"twitter:card\" content=\"summary_large_image\" \/>\n<meta name=\"twitter:creator\" content=\"@FLReproFreedom\" \/>\n<meta name=\"twitter:site\" content=\"@FLReproFreedom\" \/>\n<meta name=\"twitter:label1\" content=\"Written by\" \/>\n\t<meta name=\"twitter:data1\" content=\"Amy Weintraub\" \/>\n<script type=\"application\/ld+json\" class=\"yoast-schema-graph\">{\"@context\":\"https:\\\/\\\/schema.org\",\"@graph\":[{\"@type\":\"Article\",\"@id\":\"https:\\\/\\\/floridareprofreedom.org\\\/2020\\\/08\\\/21\\\/lost\\\/#article\",\"isPartOf\":{\"@id\":\"https:\\\/\\\/floridareprofreedom.org\\\/2020\\\/08\\\/21\\\/lost\\\/\"},\"author\":{\"name\":\"Amy Weintraub\",\"@id\":\"https:\\\/\\\/floridareprofreedom.org\\\/#\\\/schema\\\/person\\\/06cd4e7049bee74dc9bebadc0402516c\"},\"headline\":\"Some lawmakers lost Primary races over the parental consent bill\",\"datePublished\":\"2020-08-21T13:16:05+00:00\",\"dateModified\":\"2020-08-21T13:17:06+00:00\",\"mainEntityOfPage\":{\"@id\":\"https:\\\/\\\/floridareprofreedom.org\\\/2020\\\/08\\\/21\\\/lost\\\/\"},\"wordCount\":61,\"publisher\":{\"@id\":\"https:\\\/\\\/floridareprofreedom.org\\\/#organization\"},\"articleSection\":[\"Latest News\"],\"inLanguage\":\"es\"},{\"@type\":\"WebPage\",\"@id\":\"https:\\\/\\\/floridareprofreedom.org\\\/2020\\\/08\\\/21\\\/lost\\\/\",\"url\":\"https:\\\/\\\/floridareprofreedom.org\\\/2020\\\/08\\\/21\\\/lost\\\/\",\"name\":\"Some lawmakers lost Primary races over the parental consent bill - Floridians For Reproductive Freedom\",\"isPartOf\":{\"@id\":\"https:\\\/\\\/floridareprofreedom.org\\\/#website\"},\"datePublished\":\"2020-08-21T13:16:05+00:00\",\"dateModified\":\"2020-08-21T13:17:06+00:00\",\"breadcrumb\":{\"@id\":\"https:\\\/\\\/floridareprofreedom.org\\\/2020\\\/08\\\/21\\\/lost\\\/#breadcrumb\"},\"inLanguage\":\"es\",\"potentialAction\":[{\"@type\":\"ReadAction\",\"target\":[\"https:\\\/\\\/floridareprofreedom.org\\\/2020\\\/08\\\/21\\\/lost\\\/\"]}]},{\"@type\":\"BreadcrumbList\",\"@id\":\"https:\\\/\\\/floridareprofreedom.org\\\/2020\\\/08\\\/21\\\/lost\\\/#breadcrumb\",\"itemListElement\":[{\"@type\":\"ListItem\",\"position\":1,\"name\":\"Home\",\"item\":\"https:\\\/\\\/floridareprofreedom.org\\\/\"},{\"@type\":\"ListItem\",\"position\":2,\"name\":\"Some lawmakers lost Primary races over the parental consent bill\"}]},{\"@type\":\"WebSite\",\"@id\":\"https:\\\/\\\/floridareprofreedom.org\\\/#website\",\"url\":\"https:\\\/\\\/floridareprofreedom.org\\\/\",\"name\":\"Floridians For Reproductive Freedom\",\"description\":\"Advocating for convenient, affordable, and safe access to reproductive health care, including abortion.\",\"publisher\":{\"@id\":\"https:\\\/\\\/floridareprofreedom.org\\\/#organization\"},\"potentialAction\":[{\"@type\":\"SearchAction\",\"target\":{\"@type\":\"EntryPoint\",\"urlTemplate\":\"https:\\\/\\\/floridareprofreedom.org\\\/?s={search_term_string}\"},\"query-input\":{\"@type\":\"PropertyValueSpecification\",\"valueRequired\":true,\"valueName\":\"search_term_string\"}}],\"inLanguage\":\"es\"},{\"@type\":\"Organization\",\"@id\":\"https:\\\/\\\/floridareprofreedom.org\\\/#organization\",\"name\":\"Floridians for Reproductive Freedom\",\"url\":\"https:\\\/\\\/floridareprofreedom.org\\\/\",\"logo\":{\"@type\":\"ImageObject\",\"inLanguage\":\"es\",\"@id\":\"https:\\\/\\\/floridareprofreedom.org\\\/#\\\/schema\\\/logo\\\/image\\\/\",\"url\":\"https:\\\/\\\/floridareprofreedom.org\\\/wp-content\\\/uploads\\\/2019\\\/05\\\/Untitled.jpg\",\"contentUrl\":\"https:\\\/\\\/floridareprofreedom.org\\\/wp-content\\\/uploads\\\/2019\\\/05\\\/Untitled.jpg\",\"width\":174,\"height\":180,\"caption\":\"Floridians for Reproductive Freedom\"},\"image\":{\"@id\":\"https:\\\/\\\/floridareprofreedom.org\\\/#\\\/schema\\\/logo\\\/image\\\/\"},\"sameAs\":[\"https:\\\/\\\/www.facebook.com\\\/FloridaReproFreedom\\\/\",\"https:\\\/\\\/x.com\\\/FLReproFreedom\",\"https:\\\/\\\/www.instagram.com\\\/floridareprofreedom\\\/\"]},{\"@type\":\"Person\",\"@id\":\"https:\\\/\\\/floridareprofreedom.org\\\/#\\\/schema\\\/person\\\/06cd4e7049bee74dc9bebadc0402516c\",\"name\":\"Amy Weintraub\",\"image\":{\"@type\":\"ImageObject\",\"inLanguage\":\"es\",\"@id\":\"https:\\\/\\\/secure.gravatar.com\\\/avatar\\\/9a483688fae75a6f730c9b85f0823a5e6a6859914ce3f03840bc17f320ab460b?s=96&d=mm&r=g\",\"url\":\"https:\\\/\\\/secure.gravatar.com\\\/avatar\\\/9a483688fae75a6f730c9b85f0823a5e6a6859914ce3f03840bc17f320ab460b?s=96&d=mm&r=g\",\"contentUrl\":\"https:\\\/\\\/secure.gravatar.com\\\/avatar\\\/9a483688fae75a6f730c9b85f0823a5e6a6859914ce3f03840bc17f320ab460b?s=96&d=mm&r=g\",\"caption\":\"Amy Weintraub\"},\"url\":\"https:\\\/\\\/floridareprofreedom.org\\\/es\\\/author\\\/amy-weintraub\\\/\"}]}<\/script>\n<!-- \/ Yoast SEO plugin. -->","yoast_head_json":{"title":"Algunos legisladores perdieron las primarias por el proyecto de ley de consentimiento parental - Floridanos por la Libertad Reproductiva","robots":{"index":"index","follow":"follow","max-snippet":"max-snippet:-1","max-image-preview":"max-image-preview:large","max-video-preview":"max-video-preview:-1"},"canonical":"https:\/\/floridareprofreedom.org\/es\/2020\/08\/21\/perdido\/","og_locale":"es_ES","og_type":"article","og_title":"Some lawmakers lost Primary races over the parental consent bill - Floridians For Reproductive Freedom","og_description":"Now that the primary election is over, lawmakers in some cases are seeing the fallout on the abortion issue, according to Florida Planned Parenthood PAC.","og_url":"https:\/\/floridareprofreedom.org\/es\/2020\/08\/21\/perdido\/","og_site_name":"Floridians For Reproductive Freedom","article_publisher":"https:\/\/www.facebook.com\/FloridaReproFreedom\/","article_published_time":"2020-08-21T13:16:05+00:00","article_modified_time":"2020-08-21T13:17:06+00:00","author":"Amy Weintraub","twitter_card":"summary_large_image","twitter_creator":"@FLReproFreedom","twitter_site":"@FLReproFreedom","twitter_misc":{"Written by":"Amy Weintraub"},"schema":{"@context":"https:\/\/schema.org","@graph":[{"@type":"Article","@id":"https:\/\/floridareprofreedom.org\/2020\/08\/21\/lost\/#article","isPartOf":{"@id":"https:\/\/floridareprofreedom.org\/2020\/08\/21\/lost\/"},"author":{"name":"Amy Weintraub","@id":"https:\/\/floridareprofreedom.org\/#\/schema\/person\/06cd4e7049bee74dc9bebadc0402516c"},"headline":"Some lawmakers lost Primary races over the parental consent bill","datePublished":"2020-08-21T13:16:05+00:00","dateModified":"2020-08-21T13:17:06+00:00","mainEntityOfPage":{"@id":"https:\/\/floridareprofreedom.org\/2020\/08\/21\/lost\/"},"wordCount":61,"publisher":{"@id":"https:\/\/floridareprofreedom.org\/#organization"},"articleSection":["Latest News"],"inLanguage":"es"},{"@type":"WebPage","@id":"https:\/\/floridareprofreedom.org\/2020\/08\/21\/lost\/","url":"https:\/\/floridareprofreedom.org\/2020\/08\/21\/lost\/","name":"Algunos legisladores perdieron las primarias por el proyecto de ley de consentimiento parental - Floridanos por la Libertad Reproductiva","isPartOf":{"@id":"https:\/\/floridareprofreedom.org\/#website"},"datePublished":"2020-08-21T13:16:05+00:00","dateModified":"2020-08-21T13:17:06+00:00","breadcrumb":{"@id":"https:\/\/floridareprofreedom.org\/2020\/08\/21\/lost\/#breadcrumb"},"inLanguage":"es","potentialAction":[{"@type":"ReadAction","target":["https:\/\/floridareprofreedom.org\/2020\/08\/21\/lost\/"]}]},{"@type":"BreadcrumbList","@id":"https:\/\/floridareprofreedom.org\/2020\/08\/21\/lost\/#breadcrumb","itemListElement":[{"@type":"ListItem","position":1,"name":"Home","item":"https:\/\/floridareprofreedom.org\/"},{"@type":"ListItem","position":2,"name":"Some lawmakers lost Primary races over the parental consent bill"}]},{"@type":"WebSite","@id":"https:\/\/floridareprofreedom.org\/#website","url":"https:\/\/floridareprofreedom.org\/","name":"Floridanos por la Libertad Reproductiva","description":"Abogando por un acceso conveniente, asequible y seguro a la atenci\u00f3n de la salud reproductiva, incluido el aborto.","publisher":{"@id":"https:\/\/floridareprofreedom.org\/#organization"},"potentialAction":[{"@type":"SearchAction","target":{"@type":"EntryPoint","urlTemplate":"https:\/\/floridareprofreedom.org\/?s={search_term_string}"},"query-input":{"@type":"PropertyValueSpecification","valueRequired":true,"valueName":"search_term_string"}}],"inLanguage":"es"},{"@type":"Organization","@id":"https:\/\/floridareprofreedom.org\/#organization","name":"Floridanos por la Libertad Reproductiva","url":"https:\/\/floridareprofreedom.org\/","logo":{"@type":"ImageObject","inLanguage":"es","@id":"https:\/\/floridareprofreedom.org\/#\/schema\/logo\/image\/","url":"https:\/\/floridareprofreedom.org\/wp-content\/uploads\/2019\/05\/Untitled.jpg","contentUrl":"https:\/\/floridareprofreedom.org\/wp-content\/uploads\/2019\/05\/Untitled.jpg","width":174,"height":180,"caption":"Floridians for Reproductive Freedom"},"image":{"@id":"https:\/\/floridareprofreedom.org\/#\/schema\/logo\/image\/"},"sameAs":["https:\/\/www.facebook.com\/FloridaReproFreedom\/","https:\/\/x.com\/FLReproFreedom","https:\/\/www.instagram.com\/floridareprofreedom\/"]},{"@type":"Person","@id":"https:\/\/floridareprofreedom.org\/#\/schema\/person\/06cd4e7049bee74dc9bebadc0402516c","name":"Amy Weintraub","image":{"@type":"ImageObject","inLanguage":"es","@id":"https:\/\/secure.gravatar.com\/avatar\/9a483688fae75a6f730c9b85f0823a5e6a6859914ce3f03840bc17f320ab460b?s=96&d=mm&r=g","url":"https:\/\/secure.gravatar.com\/avatar\/9a483688fae75a6f730c9b85f0823a5e6a6859914ce3f03840bc17f320ab460b?s=96&d=mm&r=g","contentUrl":"https:\/\/secure.gravatar.com\/avatar\/9a483688fae75a6f730c9b85f0823a5e6a6859914ce3f03840bc17f320ab460b?s=96&d=mm&r=g","caption":"Amy Weintraub"},"url":"https:\/\/floridareprofreedom.org\/es\/author\/amy-weintraub\/"}]}},"_links":{"self":[{"href":"https:\/\/floridareprofreedom.org\/es\/wp-json\/wp\/v2\/posts\/1341","targetHints":{"allow":["GET"]}}],"collection":[{"href":"https:\/\/floridareprofreedom.org\/es\/wp-json\/wp\/v2\/posts"}],"about":[{"href":"https:\/\/floridareprofreedom.org\/es\/wp-json\/wp\/v2\/types\/post"}],"author":[{"embeddable":true,"href":"https:\/\/floridareprofreedom.org\/es\/wp-json\/wp\/v2\/users\/3"}],"replies":[{"embeddable":true,"href":"https:\/\/floridareprofreedom.org\/es\/wp-json\/wp\/v2\/comments?post=1341"}],"version-history":[{"count":2,"href":"https:\/\/floridareprofreedom.org\/es\/wp-json\/wp\/v2\/posts\/1341\/revisions"}],"predecessor-version":[{"id":1343,"href":"https:\/\/floridareprofreedom.org\/es\/wp-json\/wp\/v2\/posts\/1341\/revisions\/1343"}],"wp:attachment":[{"href":"https:\/\/floridareprofreedom.org\/es\/wp-json\/wp\/v2\/media?parent=1341"}],"wp:term":[{"taxonomy":"category","embeddable":true,"href":"https:\/\/floridareprofreedom.org\/es\/wp-json\/wp\/v2\/categories?post=1341"},{"taxonomy":"post_tag","embeddable":true,"href":"https:\/\/floridareprofreedom.org\/es\/wp-json\/wp\/v2\/tags?post=1341"}],"curies":[{"name":"wp","href":"https:\/\/api.w.org\/{rel}","templated":true}]}}