{"id":681,"date":"2019-06-28T14:32:04","date_gmt":"2019-06-28T14:32:04","guid":{"rendered":"https:\/\/floridareprofreedom.org\/?p=681"},"modified":"2019-06-28T14:32:04","modified_gmt":"2019-06-28T14:32:04","slug":"resumen-14","status":"publish","type":"post","link":"https:\/\/floridareprofreedom.org\/es\/2019\/06\/28\/roundup-14\/","title":{"rendered":"Resumen de noticias sobre derechos reproductivos \u2013 21\/06\/2019"},"content":{"rendered":"<p><a href=\"https:\/\/www.apnews.com\/34102f73ff45488da6b6ff453ffe19dc\">Dem\u00f3cratas de 2020 defienden firmemente el derecho al aborto en un foro<\/a><br \/>\nPor Will Weissert<br \/>\nPrensa asociada<br \/>\nVeinte candidatos dem\u00f3cratas a la presidencia que asistieron el s\u00e1bado a un foro de Planned Parenthood prometieron defender el derecho al aborto en casi cualquier circunstancia, ignorando en gran medida los matices del tema que ya han generado controversia en su partido de cara a las elecciones de 2020.<\/p>\n<p><a href=\"https:\/\/www.vox.com\/policy-and-politics\/2019\/6\/28\/18942612\/democratic-debate-june-2019-2020-kirsten-gillibrand\">En el debate, Kirsten Gillibrand les dio a sus oponentes una lecci\u00f3n de historia sobre la pol\u00edtica del aborto.<\/a><br \/>\nPor Anna North<br \/>\nVox<br \/>\nMuchos candidatos que participaron en los debates dem\u00f3cratas de esta semana hablaron sobre el futuro del derecho al aborto en Estados Unidos. Pero la senadora Kirsten Gillibrand fue una de las pocas que habl\u00f3 sobre la historia.<\/p>\n<p><a href=\"https:\/\/www.vox.com\/2019\/6\/26\/18760661\/democratic-debate-june-2019-2020-klobuchar-inslee\">Amy Klobuchar dej\u00f3 en rid\u00edculo a Jay Inslee en el debate sobre el derecho al aborto durante el debate dem\u00f3crata.<\/a><br \/>\nPor Anna North<br \/>\nVox<br \/>\nEl gobernador Jay Inslee tal vez pens\u00f3 que se ganar\u00eda el apoyo del electorado femenino al autoproclamarse el defensor m\u00e1s destacado del derecho al aborto durante el debate del mi\u00e9rcoles por la noche. En cambio, le dio la oportunidad a una contrincante femenina de desbancarlo.<\/p>\n<p><a href=\"https:\/\/www.cnbc.com\/2019\/06\/25\/joe-biden-will-have-to-defend-record-on-womens-rights-in-dem-debate.html\">El historial de Joe Biden en temas de mujeres podr\u00eda ser un tema central en el debate dem\u00f3crata de esta semana.<\/a><br \/>\nPor Tucker Higgins<br \/>\nCNBC<br \/>\nJoe Biden podr\u00eda enfrentarse esta semana a algunas preguntas inc\u00f3modas sobre su historial con las mujeres en los primeros debates presidenciales dem\u00f3cratas.<\/p>\n<p><a href=\"https:\/\/floridapolitics.com\/archives\/299835-anti-abortion-group-poll-says-joe-bidens-flip-could-cost-him-in-general\">Una encuesta de un grupo antiabortista afirma que el cambio de postura de Joe Biden podr\u00eda perjudicarle en general.<\/a><br \/>\nPor Scott Powers<br \/>\nPol\u00edtica de Florida<br \/>\nUna nueva encuesta encargada por el grupo antiabortista Susan B. Anthony List revela que el reciente cambio de postura del candidato presidencial dem\u00f3crata Joe Biden con respecto a la financiaci\u00f3n federal del aborto podr\u00eda costarle votos en las elecciones generales.<\/p>\n<p><a href=\"https:\/\/www.snntv.com\/story\/40692301\/planned-parenthood-reacts-to-title-x-ruling\">Planned Parenthood reacciona al fallo del T\u00edtulo X<\/a><br \/>\nPor Samantha Sonner<br \/>\nRed de Noticias de la Costa del Sol<br \/>\nLas cl\u00ednicas de Planned Parenthood de todo el pa\u00eds corren el riesgo de perder financiaci\u00f3n debido a una nueva sentencia judicial.<\/p>\n<p><a href=\"https:\/\/www.floridaphoenix.com\/blog\/gov-desantis-backs-law-allowing-expansion-of-questionable-health-insurance-policies\/\">El gobernador DeSantis firma una ley que permite la expansi\u00f3n de p\u00f3lizas de seguro m\u00e9dico cuestionables.<\/a><br \/>\nPor Lloyd Dunkelberger<br \/>\nF\u00e9nix de Florida<br \/>\nEs probable que una nueva ley que el gobernador Ron DeSantis firm\u00f3 esta semana ampl\u00ede el uso de p\u00f3lizas de seguro m\u00e9dico a corto plazo y con cobertura limitada que podr\u00edan no cubrir afecciones m\u00e9dicas preexistentes.<\/p>\n<p><a href=\"https:\/\/health.wusf.usf.edu\/post\/medicaid-retroactive-eligibility-plan-approved#stream\/0\">Plan de elegibilidad retroactiva de Medicaid aprobado<\/a><br \/>\nPor Christine Sexton<br \/>\nServicio de Noticias de Florida<br \/>\nLa iniciativa para eliminar el per\u00edodo de elegibilidad retroactiva de Medicaid de 90 d\u00edas continuar\u00e1 durante al menos un a\u00f1o m\u00e1s.<\/p>\n<p><a href=\"https:\/\/www.guttmacher.org\/article\/2019\/06\/states-lead-way-promoting-coverage-abortion-medicaid-and-private-insurance\">Los estados lideran la promoci\u00f3n de la cobertura del aborto en Medicaid y los seguros privados.<\/a><br \/>\nPor Adam Sonfield y Elizabeth Nash<br \/>\nInstituto Guttmacher<br \/>\nLos activistas y legisladores que trabajan para garantizar que todas las personas puedan costearse un aborto lograron una serie de importantes victorias con tan solo unos d\u00edas de diferencia:<\/p>\n<p><a href=\"https:\/\/www.gainesville.com\/news\/20190626\/planned-parenthood-offers-free-hiv-tests?fbclid=IwAR3r9RH-Xj6Xp-Re-CvnuqwufNnaVDBC1BS9belD2gX3PA6PdX-lW2tFBM0\">Planned Parenthood ofrece pruebas de VIH gratuitas<\/a><br \/>\nInforme del personal<br \/>\nGainesville Sun<br \/>\nPlanned Parenthood conmemorar\u00e1 el D\u00eda Nacional de la Prueba del VIH este jueves ofreciendo pruebas gratuitas.<\/p>","protected":false},"excerpt":{"rendered":"<p>Nuestro resumen de noticias, que se publica todos los viernes, ayuda a los defensores de los derechos reproductivos a mantenerse informados sobre las principales historias sobre reproducci\u00f3n en Florida y el pa\u00eds.<\/p>","protected":false},"author":3,"featured_media":0,"comment_status":"closed","ping_status":"closed","sticky":false,"template":"","format":"standard","meta":{"footnotes":""},"categories":[4],"tags":[],"class_list":["post-681","post","type-post","status-publish","format-standard","hentry","category-news"],"yoast_head":"<!-- This site is optimized with the Yoast SEO plugin v27.4 - https:\/\/yoast.com\/product\/yoast-seo-wordpress\/ -->\n<title>Reproductive Rights News Roundup - 6\/21\/2019 - Floridians For Reproductive Freedom<\/title>\n<meta name=\"robots\" content=\"index, follow, max-snippet:-1, max-image-preview:large, max-video-preview:-1\" \/>\n<link rel=\"canonical\" href=\"https:\/\/floridareprofreedom.org\/es\/2019\/06\/28\/resumen-14\/\" \/>\n<meta property=\"og:locale\" content=\"es_ES\" \/>\n<meta property=\"og:type\" content=\"article\" \/>\n<meta property=\"og:title\" content=\"Reproductive Rights News Roundup - 6\/21\/2019 - Floridians For Reproductive Freedom\" \/>\n<meta property=\"og:description\" content=\"Out every Friday, our news roundup helps reproductive rights advocates stay up to speed on the top repro stories out of Florida and the nation.\" \/>\n<meta property=\"og:url\" content=\"https:\/\/floridareprofreedom.org\/es\/2019\/06\/28\/resumen-14\/\" \/>\n<meta property=\"og:site_name\" content=\"Floridians For Reproductive Freedom\" \/>\n<meta property=\"article:publisher\" content=\"https:\/\/www.facebook.com\/FloridaReproFreedom\/\" \/>\n<meta property=\"article:published_time\" content=\"2019-06-28T14:32:04+00:00\" \/>\n<meta name=\"author\" content=\"Amy Weintraub\" \/>\n<meta name=\"twitter:card\" content=\"summary_large_image\" \/>\n<meta name=\"twitter:creator\" content=\"@FLReproFreedom\" \/>\n<meta name=\"twitter:site\" content=\"@FLReproFreedom\" \/>\n<meta name=\"twitter:label1\" content=\"Written by\" \/>\n\t<meta name=\"twitter:data1\" content=\"Amy Weintraub\" \/>\n\t<meta name=\"twitter:label2\" content=\"Est. reading time\" \/>\n\t<meta name=\"twitter:data2\" content=\"2 minutos\" \/>\n<script type=\"application\/ld+json\" class=\"yoast-schema-graph\">{\"@context\":\"https:\\\/\\\/schema.org\",\"@graph\":[{\"@type\":\"Article\",\"@id\":\"https:\\\/\\\/floridareprofreedom.org\\\/2019\\\/06\\\/28\\\/roundup-14\\\/#article\",\"isPartOf\":{\"@id\":\"https:\\\/\\\/floridareprofreedom.org\\\/2019\\\/06\\\/28\\\/roundup-14\\\/\"},\"author\":{\"name\":\"Amy Weintraub\",\"@id\":\"https:\\\/\\\/floridareprofreedom.org\\\/#\\\/schema\\\/person\\\/06cd4e7049bee74dc9bebadc0402516c\"},\"headline\":\"Reproductive Rights News Roundup &#8211; 6\\\/21\\\/2019\",\"datePublished\":\"2019-06-28T14:32:04+00:00\",\"mainEntityOfPage\":{\"@id\":\"https:\\\/\\\/floridareprofreedom.org\\\/2019\\\/06\\\/28\\\/roundup-14\\\/\"},\"wordCount\":434,\"publisher\":{\"@id\":\"https:\\\/\\\/floridareprofreedom.org\\\/#organization\"},\"articleSection\":[\"Latest News\"],\"inLanguage\":\"es\"},{\"@type\":\"WebPage\",\"@id\":\"https:\\\/\\\/floridareprofreedom.org\\\/2019\\\/06\\\/28\\\/roundup-14\\\/\",\"url\":\"https:\\\/\\\/floridareprofreedom.org\\\/2019\\\/06\\\/28\\\/roundup-14\\\/\",\"name\":\"Reproductive Rights News Roundup - 6\\\/21\\\/2019 - Floridians For Reproductive Freedom\",\"isPartOf\":{\"@id\":\"https:\\\/\\\/floridareprofreedom.org\\\/#website\"},\"datePublished\":\"2019-06-28T14:32:04+00:00\",\"breadcrumb\":{\"@id\":\"https:\\\/\\\/floridareprofreedom.org\\\/2019\\\/06\\\/28\\\/roundup-14\\\/#breadcrumb\"},\"inLanguage\":\"es\",\"potentialAction\":[{\"@type\":\"ReadAction\",\"target\":[\"https:\\\/\\\/floridareprofreedom.org\\\/2019\\\/06\\\/28\\\/roundup-14\\\/\"]}]},{\"@type\":\"BreadcrumbList\",\"@id\":\"https:\\\/\\\/floridareprofreedom.org\\\/2019\\\/06\\\/28\\\/roundup-14\\\/#breadcrumb\",\"itemListElement\":[{\"@type\":\"ListItem\",\"position\":1,\"name\":\"Home\",\"item\":\"https:\\\/\\\/floridareprofreedom.org\\\/\"},{\"@type\":\"ListItem\",\"position\":2,\"name\":\"Reproductive Rights News Roundup &#8211; 6\\\/21\\\/2019\"}]},{\"@type\":\"WebSite\",\"@id\":\"https:\\\/\\\/floridareprofreedom.org\\\/#website\",\"url\":\"https:\\\/\\\/floridareprofreedom.org\\\/\",\"name\":\"Floridians For Reproductive Freedom\",\"description\":\"Advocating for convenient, affordable, and safe access to reproductive health care, including abortion.\",\"publisher\":{\"@id\":\"https:\\\/\\\/floridareprofreedom.org\\\/#organization\"},\"potentialAction\":[{\"@type\":\"SearchAction\",\"target\":{\"@type\":\"EntryPoint\",\"urlTemplate\":\"https:\\\/\\\/floridareprofreedom.org\\\/?s={search_term_string}\"},\"query-input\":{\"@type\":\"PropertyValueSpecification\",\"valueRequired\":true,\"valueName\":\"search_term_string\"}}],\"inLanguage\":\"es\"},{\"@type\":\"Organization\",\"@id\":\"https:\\\/\\\/floridareprofreedom.org\\\/#organization\",\"name\":\"Floridians for Reproductive Freedom\",\"url\":\"https:\\\/\\\/floridareprofreedom.org\\\/\",\"logo\":{\"@type\":\"ImageObject\",\"inLanguage\":\"es\",\"@id\":\"https:\\\/\\\/floridareprofreedom.org\\\/#\\\/schema\\\/logo\\\/image\\\/\",\"url\":\"https:\\\/\\\/floridareprofreedom.org\\\/wp-content\\\/uploads\\\/2019\\\/05\\\/Untitled.jpg\",\"contentUrl\":\"https:\\\/\\\/floridareprofreedom.org\\\/wp-content\\\/uploads\\\/2019\\\/05\\\/Untitled.jpg\",\"width\":174,\"height\":180,\"caption\":\"Floridians for Reproductive Freedom\"},\"image\":{\"@id\":\"https:\\\/\\\/floridareprofreedom.org\\\/#\\\/schema\\\/logo\\\/image\\\/\"},\"sameAs\":[\"https:\\\/\\\/www.facebook.com\\\/FloridaReproFreedom\\\/\",\"https:\\\/\\\/x.com\\\/FLReproFreedom\",\"https:\\\/\\\/www.instagram.com\\\/floridareprofreedom\\\/\"]},{\"@type\":\"Person\",\"@id\":\"https:\\\/\\\/floridareprofreedom.org\\\/#\\\/schema\\\/person\\\/06cd4e7049bee74dc9bebadc0402516c\",\"name\":\"Amy Weintraub\",\"image\":{\"@type\":\"ImageObject\",\"inLanguage\":\"es\",\"@id\":\"https:\\\/\\\/secure.gravatar.com\\\/avatar\\\/9a483688fae75a6f730c9b85f0823a5e6a6859914ce3f03840bc17f320ab460b?s=96&d=mm&r=g\",\"url\":\"https:\\\/\\\/secure.gravatar.com\\\/avatar\\\/9a483688fae75a6f730c9b85f0823a5e6a6859914ce3f03840bc17f320ab460b?s=96&d=mm&r=g\",\"contentUrl\":\"https:\\\/\\\/secure.gravatar.com\\\/avatar\\\/9a483688fae75a6f730c9b85f0823a5e6a6859914ce3f03840bc17f320ab460b?s=96&d=mm&r=g\",\"caption\":\"Amy Weintraub\"},\"url\":\"https:\\\/\\\/floridareprofreedom.org\\\/es\\\/author\\\/amy-weintraub\\\/\"}]}<\/script>\n<!-- \/ Yoast SEO plugin. -->","yoast_head_json":{"title":"Resumen de noticias sobre derechos reproductivos - 21\/06\/2019 - Floridanos por la Libertad Reproductiva","robots":{"index":"index","follow":"follow","max-snippet":"max-snippet:-1","max-image-preview":"max-image-preview:large","max-video-preview":"max-video-preview:-1"},"canonical":"https:\/\/floridareprofreedom.org\/es\/2019\/06\/28\/resumen-14\/","og_locale":"es_ES","og_type":"article","og_title":"Reproductive Rights News Roundup - 6\/21\/2019 - Floridians For Reproductive Freedom","og_description":"Out every Friday, our news roundup helps reproductive rights advocates stay up to speed on the top repro stories out of Florida and the nation.","og_url":"https:\/\/floridareprofreedom.org\/es\/2019\/06\/28\/resumen-14\/","og_site_name":"Floridians For Reproductive Freedom","article_publisher":"https:\/\/www.facebook.com\/FloridaReproFreedom\/","article_published_time":"2019-06-28T14:32:04+00:00","author":"Amy Weintraub","twitter_card":"summary_large_image","twitter_creator":"@FLReproFreedom","twitter_site":"@FLReproFreedom","twitter_misc":{"Written by":"Amy Weintraub","Est. reading time":"2 minutos"},"schema":{"@context":"https:\/\/schema.org","@graph":[{"@type":"Article","@id":"https:\/\/floridareprofreedom.org\/2019\/06\/28\/roundup-14\/#article","isPartOf":{"@id":"https:\/\/floridareprofreedom.org\/2019\/06\/28\/roundup-14\/"},"author":{"name":"Amy Weintraub","@id":"https:\/\/floridareprofreedom.org\/#\/schema\/person\/06cd4e7049bee74dc9bebadc0402516c"},"headline":"Reproductive Rights News Roundup &#8211; 6\/21\/2019","datePublished":"2019-06-28T14:32:04+00:00","mainEntityOfPage":{"@id":"https:\/\/floridareprofreedom.org\/2019\/06\/28\/roundup-14\/"},"wordCount":434,"publisher":{"@id":"https:\/\/floridareprofreedom.org\/#organization"},"articleSection":["Latest News"],"inLanguage":"es"},{"@type":"WebPage","@id":"https:\/\/floridareprofreedom.org\/2019\/06\/28\/roundup-14\/","url":"https:\/\/floridareprofreedom.org\/2019\/06\/28\/roundup-14\/","name":"Resumen de noticias sobre derechos reproductivos - 21\/06\/2019 - Floridanos por la Libertad Reproductiva","isPartOf":{"@id":"https:\/\/floridareprofreedom.org\/#website"},"datePublished":"2019-06-28T14:32:04+00:00","breadcrumb":{"@id":"https:\/\/floridareprofreedom.org\/2019\/06\/28\/roundup-14\/#breadcrumb"},"inLanguage":"es","potentialAction":[{"@type":"ReadAction","target":["https:\/\/floridareprofreedom.org\/2019\/06\/28\/roundup-14\/"]}]},{"@type":"BreadcrumbList","@id":"https:\/\/floridareprofreedom.org\/2019\/06\/28\/roundup-14\/#breadcrumb","itemListElement":[{"@type":"ListItem","position":1,"name":"Home","item":"https:\/\/floridareprofreedom.org\/"},{"@type":"ListItem","position":2,"name":"Reproductive Rights News Roundup &#8211; 6\/21\/2019"}]},{"@type":"WebSite","@id":"https:\/\/floridareprofreedom.org\/#website","url":"https:\/\/floridareprofreedom.org\/","name":"Floridanos por la Libertad Reproductiva","description":"Abogando por un acceso conveniente, asequible y seguro a la atenci\u00f3n de la salud reproductiva, incluido el aborto.","publisher":{"@id":"https:\/\/floridareprofreedom.org\/#organization"},"potentialAction":[{"@type":"SearchAction","target":{"@type":"EntryPoint","urlTemplate":"https:\/\/floridareprofreedom.org\/?s={search_term_string}"},"query-input":{"@type":"PropertyValueSpecification","valueRequired":true,"valueName":"search_term_string"}}],"inLanguage":"es"},{"@type":"Organization","@id":"https:\/\/floridareprofreedom.org\/#organization","name":"Floridanos por la Libertad Reproductiva","url":"https:\/\/floridareprofreedom.org\/","logo":{"@type":"ImageObject","inLanguage":"es","@id":"https:\/\/floridareprofreedom.org\/#\/schema\/logo\/image\/","url":"https:\/\/floridareprofreedom.org\/wp-content\/uploads\/2019\/05\/Untitled.jpg","contentUrl":"https:\/\/floridareprofreedom.org\/wp-content\/uploads\/2019\/05\/Untitled.jpg","width":174,"height":180,"caption":"Floridians for Reproductive Freedom"},"image":{"@id":"https:\/\/floridareprofreedom.org\/#\/schema\/logo\/image\/"},"sameAs":["https:\/\/www.facebook.com\/FloridaReproFreedom\/","https:\/\/x.com\/FLReproFreedom","https:\/\/www.instagram.com\/floridareprofreedom\/"]},{"@type":"Person","@id":"https:\/\/floridareprofreedom.org\/#\/schema\/person\/06cd4e7049bee74dc9bebadc0402516c","name":"Amy Weintraub","image":{"@type":"ImageObject","inLanguage":"es","@id":"https:\/\/secure.gravatar.com\/avatar\/9a483688fae75a6f730c9b85f0823a5e6a6859914ce3f03840bc17f320ab460b?s=96&d=mm&r=g","url":"https:\/\/secure.gravatar.com\/avatar\/9a483688fae75a6f730c9b85f0823a5e6a6859914ce3f03840bc17f320ab460b?s=96&d=mm&r=g","contentUrl":"https:\/\/secure.gravatar.com\/avatar\/9a483688fae75a6f730c9b85f0823a5e6a6859914ce3f03840bc17f320ab460b?s=96&d=mm&r=g","caption":"Amy Weintraub"},"url":"https:\/\/floridareprofreedom.org\/es\/author\/amy-weintraub\/"}]}},"_links":{"self":[{"href":"https:\/\/floridareprofreedom.org\/es\/wp-json\/wp\/v2\/posts\/681","targetHints":{"allow":["GET"]}}],"collection":[{"href":"https:\/\/floridareprofreedom.org\/es\/wp-json\/wp\/v2\/posts"}],"about":[{"href":"https:\/\/floridareprofreedom.org\/es\/wp-json\/wp\/v2\/types\/post"}],"author":[{"embeddable":true,"href":"https:\/\/floridareprofreedom.org\/es\/wp-json\/wp\/v2\/users\/3"}],"replies":[{"embeddable":true,"href":"https:\/\/floridareprofreedom.org\/es\/wp-json\/wp\/v2\/comments?post=681"}],"version-history":[{"count":1,"href":"https:\/\/floridareprofreedom.org\/es\/wp-json\/wp\/v2\/posts\/681\/revisions"}],"predecessor-version":[{"id":682,"href":"https:\/\/floridareprofreedom.org\/es\/wp-json\/wp\/v2\/posts\/681\/revisions\/682"}],"wp:attachment":[{"href":"https:\/\/floridareprofreedom.org\/es\/wp-json\/wp\/v2\/media?parent=681"}],"wp:term":[{"taxonomy":"category","embeddable":true,"href":"https:\/\/floridareprofreedom.org\/es\/wp-json\/wp\/v2\/categories?post=681"},{"taxonomy":"post_tag","embeddable":true,"href":"https:\/\/floridareprofreedom.org\/es\/wp-json\/wp\/v2\/tags?post=681"}],"curies":[{"name":"wp","href":"https:\/\/api.w.org\/{rel}","templated":true}]}}