{"id":869,"date":"2019-12-13T16:39:23","date_gmt":"2019-12-13T16:39:23","guid":{"rendered":"https:\/\/floridareprofreedom.org\/?p=869"},"modified":"2019-12-13T16:39:23","modified_gmt":"2019-12-13T16:39:23","slug":"resumen-de-noticias-sobre-derechos-reproductivos-10","status":"publish","type":"post","link":"https:\/\/floridareprofreedom.org\/es\/2019\/12\/13\/reproductive-rights-news-roundup-10\/","title":{"rendered":"Resumen de noticias sobre derechos reproductivos"},"content":{"rendered":"<p><a href=\"https:\/\/www.miamiherald.com\/news\/politics-government\/state-politics\/article238223599.html\">Proyecto de ley que exige el consentimiento paterno para el aborto supera la primera comisi\u00f3n del Senado<\/a><br \/>\nPor Elizabeth Koh<br \/>\nOficina del Herald\/Times en Tallahassee<br \/>\nUn comit\u00e9 clave del Senado de Florida vot\u00f3 el martes, siguiendo las l\u00edneas partidistas, para impulsar un proyecto de ley que requerir\u00eda el consentimiento de los padres para el aborto, superando as\u00ed un obst\u00e1culo procesal interpuesto por los dem\u00f3cratas el mes pasado para bloquear la legislaci\u00f3n.<\/p>\n<p><a href=\"https:\/\/cbs12.com\/news\/local\/senators-back-contentious-abortion-bill\">Senadores respaldan pol\u00e9mico proyecto de ley sobre el aborto<\/a><br \/>\nPor Christine Sexton<br \/>\nServicio de Noticias de Florida<br \/>\nEn una reuni\u00f3n pol\u00e9mica donde partidarios y opositores hablaron de Dios, la homosexualidad y la intromisi\u00f3n del gobierno, un comit\u00e9 del Senado de Florida aprob\u00f3 el martes un proyecto de ley que requerir\u00eda que las menores de edad obtuvieran el permiso de sus padres antes de abortar.<\/p>\n<p><a href=\"https:\/\/www.sun-sentinel.com\/opinion\/commentary\/fl-op-com-ryan-doctors-abortion-felony-tallahassee-20191209-t3ttq3kr7resthvxc7o7fin3zy-story.html\">Dejemos que las mujeres embarazadas tomen sus propias decisiones, aunque sean dif\u00edciles, en los casos de s\u00edndrome de Down.<\/a><br \/>\nPor Mark T. Ryan<br \/>\nEspecial para el Sun Sentinel<br \/>\nLas opiniones var\u00edan enormemente sobre qu\u00e9 debe hacer una mujer embarazada con su beb\u00e9, especialmente, al parecer, entre aquellas que nunca se encontrar\u00e1n espec\u00edficamente en esa situaci\u00f3n.<\/p>\n<p><a href=\"https:\/\/rewire.news\/article\/2019\/12\/11\/untold-story-independent-abortion-clinics-are-closing-at-a-rapid-pace\/\">&#039;Historia no contada&#039;: Las cl\u00ednicas de aborto independientes est\u00e1n cerrando a un ritmo acelerado.<\/a><br \/>\nPor Erin Heger<br \/>\nRewire.News<br \/>\nUn nuevo informe detalla el papel crucial que desempe\u00f1an las cl\u00ednicas de aborto independientes para garantizar el acceso en las zonas del pa\u00eds m\u00e1s hostiles a los derechos reproductivos, y la lucha que libran para que permanezcan abiertas.<\/p>\n<p><a href=\"https:\/\/www.guttmacher.org\/article\/2019\/12\/health-insurance-coverage-and-contraceptive-use-state-level-findings-2017-behavioral\">Cobertura de seguro m\u00e9dico y uso de anticonceptivos a nivel estatal: hallazgos del Sistema de Vigilancia de Factores de Riesgo del Comportamiento de 2017<\/a><br \/>\nInforme del personal<br \/>\nInstituto Guttmacher<br \/>\nEs probable que la variaci\u00f3n en el uso de anticonceptivos entre los estados refleje diferencias demogr\u00e1ficas, sociales y estructurales m\u00e1s amplias entre las poblaciones estatales y locales.<\/p>\n<p><a href=\"https:\/\/miami.cbslocal.com\/2019\/12\/12\/vaccination-efforts-hepatitis-a\/\">Autoridades: Los esfuerzos de vacunaci\u00f3n frenan la propagaci\u00f3n de la hepatitis A en Florida<\/a><br \/>\nPor Christine Sexton<br \/>\nServicio de Noticias de Florida<br \/>\nEl cirujano general de Florida se muestra cautelosamente optimista de que los esfuerzos de educaci\u00f3n y vacunaci\u00f3n realizados durante los \u00faltimos meses est\u00e9n dando resultado para contener la propagaci\u00f3n de la hepatitis A, que provoc\u00f3 la declaraci\u00f3n de una emergencia de salud p\u00fablica en agosto.<\/p>\n<p><a href=\"https:\/\/www.wtsp.com\/article\/news\/regional\/florida\/bill-that-would-give-florida-workers-3-months-paid-family-leave-isnt-really-paid\/67-ad88c803-f547-4df8-bb6e-f603795eb481\">El proyecto de ley que otorgar\u00eda a los trabajadores de Florida 3 meses de licencia familiar remunerada, en realidad no se paga.<\/a><br \/>\nPor Liz Crawford<br \/>\nWTSP Tampa Bay<br \/>\nSeg\u00fan el proyecto de ley presentado esta semana, los empleadores de Florida pronto podr\u00edan estar obligados legalmente a permitir que los trabajadores tomen tres meses de licencia familiar remunerada para crear un v\u00ednculo con los reci\u00e9n nacidos, los ni\u00f1os reci\u00e9n acogidos o los ni\u00f1os reci\u00e9n adoptados.<\/p>\n<p><a href=\"https:\/\/apnews.com\/c62f099deaa87061fcbacce22a9cb7fb\">Schumer: Los empleados federales recibir\u00e1n 12 semanas de licencia parental remunerada<\/a><br \/>\nInforme del personal<br \/>\nPrensa asociada<br \/>\nEl principal dem\u00f3crata del Senado afirm\u00f3 el domingo que los l\u00edderes del Congreso han alcanzado un acuerdo de \u201cverdadero avance\u201d para otorgar 12 semanas de licencia parental remunerada a millones de trabajadores federales como parte del proyecto de ley anual de pol\u00edtica de defensa.<\/p>","protected":false},"excerpt":{"rendered":"<p>Nuestro resumen de noticias, que se publica todos los viernes, ayuda a los defensores de los derechos reproductivos a mantenerse informados sobre las principales historias sobre reproducci\u00f3n en Florida y el pa\u00eds.<\/p>","protected":false},"author":3,"featured_media":0,"comment_status":"closed","ping_status":"closed","sticky":false,"template":"","format":"standard","meta":{"footnotes":""},"categories":[4],"tags":[],"class_list":["post-869","post","type-post","status-publish","format-standard","hentry","category-news"],"yoast_head":"<!-- This site is optimized with the Yoast SEO plugin v27.4 - https:\/\/yoast.com\/product\/yoast-seo-wordpress\/ -->\n<title>Reproductive Rights News Roundup - Floridians For Reproductive Freedom<\/title>\n<meta name=\"robots\" content=\"index, follow, max-snippet:-1, max-image-preview:large, max-video-preview:-1\" \/>\n<link rel=\"canonical\" href=\"https:\/\/floridareprofreedom.org\/es\/2019\/12\/13\/resumen-de-noticias-sobre-derechos-reproductivos-10\/\" \/>\n<meta property=\"og:locale\" content=\"es_ES\" \/>\n<meta property=\"og:type\" content=\"article\" \/>\n<meta property=\"og:title\" content=\"Reproductive Rights News Roundup - Floridians For Reproductive Freedom\" \/>\n<meta property=\"og:description\" content=\"Out every Friday, our news roundup helps reproductive rights advocates stay up to speed on the top repro stories out of Florida and the nation.\" \/>\n<meta property=\"og:url\" content=\"https:\/\/floridareprofreedom.org\/es\/2019\/12\/13\/resumen-de-noticias-sobre-derechos-reproductivos-10\/\" \/>\n<meta property=\"og:site_name\" content=\"Floridians For Reproductive Freedom\" \/>\n<meta property=\"article:publisher\" content=\"https:\/\/www.facebook.com\/FloridaReproFreedom\/\" \/>\n<meta property=\"article:published_time\" content=\"2019-12-13T16:39:23+00:00\" \/>\n<meta name=\"author\" content=\"Amy Weintraub\" \/>\n<meta name=\"twitter:card\" content=\"summary_large_image\" \/>\n<meta name=\"twitter:creator\" content=\"@FLReproFreedom\" \/>\n<meta name=\"twitter:site\" content=\"@FLReproFreedom\" \/>\n<meta name=\"twitter:label1\" content=\"Written by\" \/>\n\t<meta name=\"twitter:data1\" content=\"Amy Weintraub\" \/>\n\t<meta name=\"twitter:label2\" content=\"Est. reading time\" \/>\n\t<meta name=\"twitter:data2\" content=\"2 minutos\" \/>\n<script type=\"application\/ld+json\" class=\"yoast-schema-graph\">{\"@context\":\"https:\\\/\\\/schema.org\",\"@graph\":[{\"@type\":\"Article\",\"@id\":\"https:\\\/\\\/floridareprofreedom.org\\\/2019\\\/12\\\/13\\\/reproductive-rights-news-roundup-10\\\/#article\",\"isPartOf\":{\"@id\":\"https:\\\/\\\/floridareprofreedom.org\\\/2019\\\/12\\\/13\\\/reproductive-rights-news-roundup-10\\\/\"},\"author\":{\"name\":\"Amy Weintraub\",\"@id\":\"https:\\\/\\\/floridareprofreedom.org\\\/#\\\/schema\\\/person\\\/06cd4e7049bee74dc9bebadc0402516c\"},\"headline\":\"Reproductive Rights News Roundup\",\"datePublished\":\"2019-12-13T16:39:23+00:00\",\"mainEntityOfPage\":{\"@id\":\"https:\\\/\\\/floridareprofreedom.org\\\/2019\\\/12\\\/13\\\/reproductive-rights-news-roundup-10\\\/\"},\"wordCount\":397,\"publisher\":{\"@id\":\"https:\\\/\\\/floridareprofreedom.org\\\/#organization\"},\"articleSection\":[\"Latest News\"],\"inLanguage\":\"es\"},{\"@type\":\"WebPage\",\"@id\":\"https:\\\/\\\/floridareprofreedom.org\\\/2019\\\/12\\\/13\\\/reproductive-rights-news-roundup-10\\\/\",\"url\":\"https:\\\/\\\/floridareprofreedom.org\\\/2019\\\/12\\\/13\\\/reproductive-rights-news-roundup-10\\\/\",\"name\":\"Reproductive Rights News Roundup - Floridians For Reproductive Freedom\",\"isPartOf\":{\"@id\":\"https:\\\/\\\/floridareprofreedom.org\\\/#website\"},\"datePublished\":\"2019-12-13T16:39:23+00:00\",\"breadcrumb\":{\"@id\":\"https:\\\/\\\/floridareprofreedom.org\\\/2019\\\/12\\\/13\\\/reproductive-rights-news-roundup-10\\\/#breadcrumb\"},\"inLanguage\":\"es\",\"potentialAction\":[{\"@type\":\"ReadAction\",\"target\":[\"https:\\\/\\\/floridareprofreedom.org\\\/2019\\\/12\\\/13\\\/reproductive-rights-news-roundup-10\\\/\"]}]},{\"@type\":\"BreadcrumbList\",\"@id\":\"https:\\\/\\\/floridareprofreedom.org\\\/2019\\\/12\\\/13\\\/reproductive-rights-news-roundup-10\\\/#breadcrumb\",\"itemListElement\":[{\"@type\":\"ListItem\",\"position\":1,\"name\":\"Home\",\"item\":\"https:\\\/\\\/floridareprofreedom.org\\\/\"},{\"@type\":\"ListItem\",\"position\":2,\"name\":\"Reproductive Rights News Roundup\"}]},{\"@type\":\"WebSite\",\"@id\":\"https:\\\/\\\/floridareprofreedom.org\\\/#website\",\"url\":\"https:\\\/\\\/floridareprofreedom.org\\\/\",\"name\":\"Floridians For Reproductive Freedom\",\"description\":\"Advocating for convenient, affordable, and safe access to reproductive health care, including abortion.\",\"publisher\":{\"@id\":\"https:\\\/\\\/floridareprofreedom.org\\\/#organization\"},\"potentialAction\":[{\"@type\":\"SearchAction\",\"target\":{\"@type\":\"EntryPoint\",\"urlTemplate\":\"https:\\\/\\\/floridareprofreedom.org\\\/?s={search_term_string}\"},\"query-input\":{\"@type\":\"PropertyValueSpecification\",\"valueRequired\":true,\"valueName\":\"search_term_string\"}}],\"inLanguage\":\"es\"},{\"@type\":\"Organization\",\"@id\":\"https:\\\/\\\/floridareprofreedom.org\\\/#organization\",\"name\":\"Floridians for Reproductive Freedom\",\"url\":\"https:\\\/\\\/floridareprofreedom.org\\\/\",\"logo\":{\"@type\":\"ImageObject\",\"inLanguage\":\"es\",\"@id\":\"https:\\\/\\\/floridareprofreedom.org\\\/#\\\/schema\\\/logo\\\/image\\\/\",\"url\":\"https:\\\/\\\/floridareprofreedom.org\\\/wp-content\\\/uploads\\\/2019\\\/05\\\/Untitled.jpg\",\"contentUrl\":\"https:\\\/\\\/floridareprofreedom.org\\\/wp-content\\\/uploads\\\/2019\\\/05\\\/Untitled.jpg\",\"width\":174,\"height\":180,\"caption\":\"Floridians for Reproductive Freedom\"},\"image\":{\"@id\":\"https:\\\/\\\/floridareprofreedom.org\\\/#\\\/schema\\\/logo\\\/image\\\/\"},\"sameAs\":[\"https:\\\/\\\/www.facebook.com\\\/FloridaReproFreedom\\\/\",\"https:\\\/\\\/x.com\\\/FLReproFreedom\",\"https:\\\/\\\/www.instagram.com\\\/floridareprofreedom\\\/\"]},{\"@type\":\"Person\",\"@id\":\"https:\\\/\\\/floridareprofreedom.org\\\/#\\\/schema\\\/person\\\/06cd4e7049bee74dc9bebadc0402516c\",\"name\":\"Amy Weintraub\",\"image\":{\"@type\":\"ImageObject\",\"inLanguage\":\"es\",\"@id\":\"https:\\\/\\\/secure.gravatar.com\\\/avatar\\\/9a483688fae75a6f730c9b85f0823a5e6a6859914ce3f03840bc17f320ab460b?s=96&d=mm&r=g\",\"url\":\"https:\\\/\\\/secure.gravatar.com\\\/avatar\\\/9a483688fae75a6f730c9b85f0823a5e6a6859914ce3f03840bc17f320ab460b?s=96&d=mm&r=g\",\"contentUrl\":\"https:\\\/\\\/secure.gravatar.com\\\/avatar\\\/9a483688fae75a6f730c9b85f0823a5e6a6859914ce3f03840bc17f320ab460b?s=96&d=mm&r=g\",\"caption\":\"Amy Weintraub\"},\"url\":\"https:\\\/\\\/floridareprofreedom.org\\\/es\\\/author\\\/amy-weintraub\\\/\"}]}<\/script>\n<!-- \/ Yoast SEO plugin. -->","yoast_head_json":{"title":"Resumen de noticias sobre derechos reproductivos - Floridanos por la libertad reproductiva","robots":{"index":"index","follow":"follow","max-snippet":"max-snippet:-1","max-image-preview":"max-image-preview:large","max-video-preview":"max-video-preview:-1"},"canonical":"https:\/\/floridareprofreedom.org\/es\/2019\/12\/13\/resumen-de-noticias-sobre-derechos-reproductivos-10\/","og_locale":"es_ES","og_type":"article","og_title":"Reproductive Rights News Roundup - Floridians For Reproductive Freedom","og_description":"Out every Friday, our news roundup helps reproductive rights advocates stay up to speed on the top repro stories out of Florida and the nation.","og_url":"https:\/\/floridareprofreedom.org\/es\/2019\/12\/13\/resumen-de-noticias-sobre-derechos-reproductivos-10\/","og_site_name":"Floridians For Reproductive Freedom","article_publisher":"https:\/\/www.facebook.com\/FloridaReproFreedom\/","article_published_time":"2019-12-13T16:39:23+00:00","author":"Amy Weintraub","twitter_card":"summary_large_image","twitter_creator":"@FLReproFreedom","twitter_site":"@FLReproFreedom","twitter_misc":{"Written by":"Amy Weintraub","Est. reading time":"2 minutos"},"schema":{"@context":"https:\/\/schema.org","@graph":[{"@type":"Article","@id":"https:\/\/floridareprofreedom.org\/2019\/12\/13\/reproductive-rights-news-roundup-10\/#article","isPartOf":{"@id":"https:\/\/floridareprofreedom.org\/2019\/12\/13\/reproductive-rights-news-roundup-10\/"},"author":{"name":"Amy Weintraub","@id":"https:\/\/floridareprofreedom.org\/#\/schema\/person\/06cd4e7049bee74dc9bebadc0402516c"},"headline":"Reproductive Rights News Roundup","datePublished":"2019-12-13T16:39:23+00:00","mainEntityOfPage":{"@id":"https:\/\/floridareprofreedom.org\/2019\/12\/13\/reproductive-rights-news-roundup-10\/"},"wordCount":397,"publisher":{"@id":"https:\/\/floridareprofreedom.org\/#organization"},"articleSection":["Latest News"],"inLanguage":"es"},{"@type":"WebPage","@id":"https:\/\/floridareprofreedom.org\/2019\/12\/13\/reproductive-rights-news-roundup-10\/","url":"https:\/\/floridareprofreedom.org\/2019\/12\/13\/reproductive-rights-news-roundup-10\/","name":"Resumen de noticias sobre derechos reproductivos - Floridanos por la libertad reproductiva","isPartOf":{"@id":"https:\/\/floridareprofreedom.org\/#website"},"datePublished":"2019-12-13T16:39:23+00:00","breadcrumb":{"@id":"https:\/\/floridareprofreedom.org\/2019\/12\/13\/reproductive-rights-news-roundup-10\/#breadcrumb"},"inLanguage":"es","potentialAction":[{"@type":"ReadAction","target":["https:\/\/floridareprofreedom.org\/2019\/12\/13\/reproductive-rights-news-roundup-10\/"]}]},{"@type":"BreadcrumbList","@id":"https:\/\/floridareprofreedom.org\/2019\/12\/13\/reproductive-rights-news-roundup-10\/#breadcrumb","itemListElement":[{"@type":"ListItem","position":1,"name":"Home","item":"https:\/\/floridareprofreedom.org\/"},{"@type":"ListItem","position":2,"name":"Reproductive Rights News Roundup"}]},{"@type":"WebSite","@id":"https:\/\/floridareprofreedom.org\/#website","url":"https:\/\/floridareprofreedom.org\/","name":"Floridanos por la Libertad Reproductiva","description":"Abogando por un acceso conveniente, asequible y seguro a la atenci\u00f3n de la salud reproductiva, incluido el aborto.","publisher":{"@id":"https:\/\/floridareprofreedom.org\/#organization"},"potentialAction":[{"@type":"SearchAction","target":{"@type":"EntryPoint","urlTemplate":"https:\/\/floridareprofreedom.org\/?s={search_term_string}"},"query-input":{"@type":"PropertyValueSpecification","valueRequired":true,"valueName":"search_term_string"}}],"inLanguage":"es"},{"@type":"Organization","@id":"https:\/\/floridareprofreedom.org\/#organization","name":"Floridanos por la Libertad Reproductiva","url":"https:\/\/floridareprofreedom.org\/","logo":{"@type":"ImageObject","inLanguage":"es","@id":"https:\/\/floridareprofreedom.org\/#\/schema\/logo\/image\/","url":"https:\/\/floridareprofreedom.org\/wp-content\/uploads\/2019\/05\/Untitled.jpg","contentUrl":"https:\/\/floridareprofreedom.org\/wp-content\/uploads\/2019\/05\/Untitled.jpg","width":174,"height":180,"caption":"Floridians for Reproductive Freedom"},"image":{"@id":"https:\/\/floridareprofreedom.org\/#\/schema\/logo\/image\/"},"sameAs":["https:\/\/www.facebook.com\/FloridaReproFreedom\/","https:\/\/x.com\/FLReproFreedom","https:\/\/www.instagram.com\/floridareprofreedom\/"]},{"@type":"Person","@id":"https:\/\/floridareprofreedom.org\/#\/schema\/person\/06cd4e7049bee74dc9bebadc0402516c","name":"Amy Weintraub","image":{"@type":"ImageObject","inLanguage":"es","@id":"https:\/\/secure.gravatar.com\/avatar\/9a483688fae75a6f730c9b85f0823a5e6a6859914ce3f03840bc17f320ab460b?s=96&d=mm&r=g","url":"https:\/\/secure.gravatar.com\/avatar\/9a483688fae75a6f730c9b85f0823a5e6a6859914ce3f03840bc17f320ab460b?s=96&d=mm&r=g","contentUrl":"https:\/\/secure.gravatar.com\/avatar\/9a483688fae75a6f730c9b85f0823a5e6a6859914ce3f03840bc17f320ab460b?s=96&d=mm&r=g","caption":"Amy Weintraub"},"url":"https:\/\/floridareprofreedom.org\/es\/author\/amy-weintraub\/"}]}},"_links":{"self":[{"href":"https:\/\/floridareprofreedom.org\/es\/wp-json\/wp\/v2\/posts\/869","targetHints":{"allow":["GET"]}}],"collection":[{"href":"https:\/\/floridareprofreedom.org\/es\/wp-json\/wp\/v2\/posts"}],"about":[{"href":"https:\/\/floridareprofreedom.org\/es\/wp-json\/wp\/v2\/types\/post"}],"author":[{"embeddable":true,"href":"https:\/\/floridareprofreedom.org\/es\/wp-json\/wp\/v2\/users\/3"}],"replies":[{"embeddable":true,"href":"https:\/\/floridareprofreedom.org\/es\/wp-json\/wp\/v2\/comments?post=869"}],"version-history":[{"count":1,"href":"https:\/\/floridareprofreedom.org\/es\/wp-json\/wp\/v2\/posts\/869\/revisions"}],"predecessor-version":[{"id":870,"href":"https:\/\/floridareprofreedom.org\/es\/wp-json\/wp\/v2\/posts\/869\/revisions\/870"}],"wp:attachment":[{"href":"https:\/\/floridareprofreedom.org\/es\/wp-json\/wp\/v2\/media?parent=869"}],"wp:term":[{"taxonomy":"category","embeddable":true,"href":"https:\/\/floridareprofreedom.org\/es\/wp-json\/wp\/v2\/categories?post=869"},{"taxonomy":"post_tag","embeddable":true,"href":"https:\/\/floridareprofreedom.org\/es\/wp-json\/wp\/v2\/tags?post=869"}],"curies":[{"name":"wp","href":"https:\/\/api.w.org\/{rel}","templated":true}]}}