{"id":2556,"date":"2022-09-02T13:07:03","date_gmt":"2022-09-02T13:07:03","guid":{"rendered":"https:\/\/floridareprofreedom.org\/?p=2556"},"modified":"2022-09-02T13:07:03","modified_gmt":"2022-09-02T13:07:03","slug":"kanpe","status":"publish","type":"post","link":"https:\/\/floridareprofreedom.org\/ht\/2022\/09\/02\/halt\/","title":{"rendered":"Klinik ak dokt\u00e8 ap chache bloke lwa av\u00f2tman 15 sem\u00e8n nan Florid."},"content":{"rendered":"<h1 class=\"pg-headline\" data-act-id=\"article_head_0\">Klinik ak dokt\u00e8 ap chache bloke lwa av\u00f2tman 15 sem\u00e8n nan Florid.<\/h1>\n<p>CBS Miami<br \/>\nAvoka s\u00e8t klinik av\u00f2tman ak yon dokt\u00e8 te depoze yon mosyon ijans m\u00e8kredi swa pou mande Lakou Sipr\u00e8m Florid la pou bloke yon nouvo lwa ki anpeche av\u00f2tman apre 15 sem\u00e8n gwos\u00e8s. <a href=\"https:\/\/www.cbsnews.com\/miami\/news\/clinics-doctor-seek-to-halt-floridas-15-week-abortion-law\/\">Li atik la isit la\u2026<\/a><\/p>","protected":false},"excerpt":{"rendered":"<p>Avoka s\u00e8t klinik av\u00f2tman ak yon dokt\u00e8 te depoze yon mosyon ijans pou mande Lakou Sipr\u00e8m Florid la pou bloke yon nouvo lwa ki anpeche av\u00f2tman apre 15 sem\u00e8n gwos\u00e8s.<\/p>","protected":false},"author":3,"featured_media":0,"comment_status":"closed","ping_status":"closed","sticky":false,"template":"","format":"standard","meta":{"footnotes":""},"categories":[4],"tags":[],"class_list":["post-2556","post","type-post","status-publish","format-standard","hentry","category-news"],"yoast_head":"<!-- This site is optimized with the Yoast SEO plugin v27.4 - https:\/\/yoast.com\/product\/yoast-seo-wordpress\/ -->\n<title>Clinics, doctor seek to halt Florida&#039;s 15-week abortion law - Floridians For Reproductive Freedom<\/title>\n<meta name=\"description\" content=\"Attorneys for seven abortion clinics and a doctor filed an emergency motion asking the Florida Supreme Court to halt a new law that prevents abortions after 15 weeks of pregnancy.\" \/>\n<meta name=\"robots\" content=\"index, follow, max-snippet:-1, max-image-preview:large, max-video-preview:-1\" \/>\n<link rel=\"canonical\" href=\"https:\/\/floridareprofreedom.org\/ht\/2022\/09\/02\/kanpe\/\" \/>\n<meta property=\"og:locale\" content=\"ht_HT\" \/>\n<meta property=\"og:type\" content=\"article\" \/>\n<meta property=\"og:title\" content=\"Clinics, doctor seek to halt Florida&#039;s 15-week abortion law - Floridians For Reproductive Freedom\" \/>\n<meta property=\"og:description\" content=\"Attorneys for seven abortion clinics and a doctor filed an emergency motion asking the Florida Supreme Court to halt a new law that prevents abortions after 15 weeks of pregnancy.\" \/>\n<meta property=\"og:url\" content=\"https:\/\/floridareprofreedom.org\/ht\/2022\/09\/02\/kanpe\/\" \/>\n<meta property=\"og:site_name\" content=\"Floridians For Reproductive Freedom\" \/>\n<meta property=\"article:publisher\" content=\"https:\/\/www.facebook.com\/FloridaReproFreedom\/\" \/>\n<meta property=\"article:published_time\" content=\"2022-09-02T13:07:03+00:00\" \/>\n<meta name=\"author\" content=\"Amy Weintraub\" \/>\n<meta name=\"twitter:card\" content=\"summary_large_image\" \/>\n<meta name=\"twitter:creator\" content=\"@FLReproFreedom\" \/>\n<meta name=\"twitter:site\" content=\"@FLReproFreedom\" \/>\n<meta name=\"twitter:label1\" content=\"Written by\" \/>\n\t<meta name=\"twitter:data1\" content=\"Amy Weintraub\" \/>\n\t<meta name=\"twitter:label2\" content=\"Est. reading time\" \/>\n\t<meta name=\"twitter:data2\" content=\"1 minute\" \/>\n<script type=\"application\/ld+json\" class=\"yoast-schema-graph\">{\"@context\":\"https:\\\/\\\/schema.org\",\"@graph\":[{\"@type\":\"Article\",\"@id\":\"https:\\\/\\\/floridareprofreedom.org\\\/2022\\\/09\\\/02\\\/halt\\\/#article\",\"isPartOf\":{\"@id\":\"https:\\\/\\\/floridareprofreedom.org\\\/2022\\\/09\\\/02\\\/halt\\\/\"},\"author\":{\"name\":\"Amy Weintraub\",\"@id\":\"https:\\\/\\\/floridareprofreedom.org\\\/#\\\/schema\\\/person\\\/06cd4e7049bee74dc9bebadc0402516c\"},\"headline\":\"Clinics, doctor seek to halt Florida&#8217;s 15-week abortion law\",\"datePublished\":\"2022-09-02T13:07:03+00:00\",\"mainEntityOfPage\":{\"@id\":\"https:\\\/\\\/floridareprofreedom.org\\\/2022\\\/09\\\/02\\\/halt\\\/\"},\"wordCount\":56,\"publisher\":{\"@id\":\"https:\\\/\\\/floridareprofreedom.org\\\/#organization\"},\"articleSection\":[\"Latest News\"],\"inLanguage\":\"ht\"},{\"@type\":\"WebPage\",\"@id\":\"https:\\\/\\\/floridareprofreedom.org\\\/2022\\\/09\\\/02\\\/halt\\\/\",\"url\":\"https:\\\/\\\/floridareprofreedom.org\\\/2022\\\/09\\\/02\\\/halt\\\/\",\"name\":\"Clinics, doctor seek to halt Florida's 15-week abortion law - Floridians For Reproductive Freedom\",\"isPartOf\":{\"@id\":\"https:\\\/\\\/floridareprofreedom.org\\\/#website\"},\"datePublished\":\"2022-09-02T13:07:03+00:00\",\"description\":\"Attorneys for seven abortion clinics and a doctor filed an emergency motion asking the Florida Supreme Court to halt a new law that prevents abortions after 15 weeks of pregnancy.\",\"breadcrumb\":{\"@id\":\"https:\\\/\\\/floridareprofreedom.org\\\/2022\\\/09\\\/02\\\/halt\\\/#breadcrumb\"},\"inLanguage\":\"ht\",\"potentialAction\":[{\"@type\":\"ReadAction\",\"target\":[\"https:\\\/\\\/floridareprofreedom.org\\\/2022\\\/09\\\/02\\\/halt\\\/\"]}]},{\"@type\":\"BreadcrumbList\",\"@id\":\"https:\\\/\\\/floridareprofreedom.org\\\/2022\\\/09\\\/02\\\/halt\\\/#breadcrumb\",\"itemListElement\":[{\"@type\":\"ListItem\",\"position\":1,\"name\":\"Home\",\"item\":\"https:\\\/\\\/floridareprofreedom.org\\\/\"},{\"@type\":\"ListItem\",\"position\":2,\"name\":\"Clinics, doctor seek to halt Florida&#8217;s 15-week abortion law\"}]},{\"@type\":\"WebSite\",\"@id\":\"https:\\\/\\\/floridareprofreedom.org\\\/#website\",\"url\":\"https:\\\/\\\/floridareprofreedom.org\\\/\",\"name\":\"Floridians For Reproductive Freedom\",\"description\":\"Advocating for convenient, affordable, and safe access to reproductive health care, including abortion.\",\"publisher\":{\"@id\":\"https:\\\/\\\/floridareprofreedom.org\\\/#organization\"},\"potentialAction\":[{\"@type\":\"SearchAction\",\"target\":{\"@type\":\"EntryPoint\",\"urlTemplate\":\"https:\\\/\\\/floridareprofreedom.org\\\/?s={search_term_string}\"},\"query-input\":{\"@type\":\"PropertyValueSpecification\",\"valueRequired\":true,\"valueName\":\"search_term_string\"}}],\"inLanguage\":\"ht\"},{\"@type\":\"Organization\",\"@id\":\"https:\\\/\\\/floridareprofreedom.org\\\/#organization\",\"name\":\"Floridians for Reproductive Freedom\",\"url\":\"https:\\\/\\\/floridareprofreedom.org\\\/\",\"logo\":{\"@type\":\"ImageObject\",\"inLanguage\":\"ht\",\"@id\":\"https:\\\/\\\/floridareprofreedom.org\\\/#\\\/schema\\\/logo\\\/image\\\/\",\"url\":\"https:\\\/\\\/floridareprofreedom.org\\\/wp-content\\\/uploads\\\/2019\\\/05\\\/Untitled.jpg\",\"contentUrl\":\"https:\\\/\\\/floridareprofreedom.org\\\/wp-content\\\/uploads\\\/2019\\\/05\\\/Untitled.jpg\",\"width\":174,\"height\":180,\"caption\":\"Floridians for Reproductive Freedom\"},\"image\":{\"@id\":\"https:\\\/\\\/floridareprofreedom.org\\\/#\\\/schema\\\/logo\\\/image\\\/\"},\"sameAs\":[\"https:\\\/\\\/www.facebook.com\\\/FloridaReproFreedom\\\/\",\"https:\\\/\\\/x.com\\\/FLReproFreedom\",\"https:\\\/\\\/www.instagram.com\\\/floridareprofreedom\\\/\"]},{\"@type\":\"Person\",\"@id\":\"https:\\\/\\\/floridareprofreedom.org\\\/#\\\/schema\\\/person\\\/06cd4e7049bee74dc9bebadc0402516c\",\"name\":\"Amy Weintraub\",\"image\":{\"@type\":\"ImageObject\",\"inLanguage\":\"ht\",\"@id\":\"https:\\\/\\\/secure.gravatar.com\\\/avatar\\\/9a483688fae75a6f730c9b85f0823a5e6a6859914ce3f03840bc17f320ab460b?s=96&d=mm&r=g\",\"url\":\"https:\\\/\\\/secure.gravatar.com\\\/avatar\\\/9a483688fae75a6f730c9b85f0823a5e6a6859914ce3f03840bc17f320ab460b?s=96&d=mm&r=g\",\"contentUrl\":\"https:\\\/\\\/secure.gravatar.com\\\/avatar\\\/9a483688fae75a6f730c9b85f0823a5e6a6859914ce3f03840bc17f320ab460b?s=96&d=mm&r=g\",\"caption\":\"Amy Weintraub\"},\"url\":\"https:\\\/\\\/floridareprofreedom.org\\\/ht\\\/author\\\/amy-weintraub\\\/\"}]}<\/script>\n<!-- \/ Yoast SEO plugin. -->","yoast_head_json":{"title":"Klinik ak dokt\u00e8 ap chache sispann lwa av\u00f2tman 15 sem\u00e8n nan Florid - Floridians For Reproductive Freedom","description":"Avoka s\u00e8t klinik av\u00f2tman ak yon dokt\u00e8 te depoze yon mosyon ijans pou mande Lakou Sipr\u00e8m Florid la pou bloke yon nouvo lwa ki anpeche av\u00f2tman apre 15 sem\u00e8n gwos\u00e8s.","robots":{"index":"index","follow":"follow","max-snippet":"max-snippet:-1","max-image-preview":"max-image-preview:large","max-video-preview":"max-video-preview:-1"},"canonical":"https:\/\/floridareprofreedom.org\/ht\/2022\/09\/02\/kanpe\/","og_locale":"ht_HT","og_type":"article","og_title":"Clinics, doctor seek to halt Florida's 15-week abortion law - Floridians For Reproductive Freedom","og_description":"Attorneys for seven abortion clinics and a doctor filed an emergency motion asking the Florida Supreme Court to halt a new law that prevents abortions after 15 weeks of pregnancy.","og_url":"https:\/\/floridareprofreedom.org\/ht\/2022\/09\/02\/kanpe\/","og_site_name":"Floridians For Reproductive Freedom","article_publisher":"https:\/\/www.facebook.com\/FloridaReproFreedom\/","article_published_time":"2022-09-02T13:07:03+00:00","author":"Amy Weintraub","twitter_card":"summary_large_image","twitter_creator":"@FLReproFreedom","twitter_site":"@FLReproFreedom","twitter_misc":{"Written by":"Amy Weintraub","Est. reading time":"1 minute"},"schema":{"@context":"https:\/\/schema.org","@graph":[{"@type":"Article","@id":"https:\/\/floridareprofreedom.org\/2022\/09\/02\/halt\/#article","isPartOf":{"@id":"https:\/\/floridareprofreedom.org\/2022\/09\/02\/halt\/"},"author":{"name":"Amy Weintraub","@id":"https:\/\/floridareprofreedom.org\/#\/schema\/person\/06cd4e7049bee74dc9bebadc0402516c"},"headline":"Clinics, doctor seek to halt Florida&#8217;s 15-week abortion law","datePublished":"2022-09-02T13:07:03+00:00","mainEntityOfPage":{"@id":"https:\/\/floridareprofreedom.org\/2022\/09\/02\/halt\/"},"wordCount":56,"publisher":{"@id":"https:\/\/floridareprofreedom.org\/#organization"},"articleSection":["Latest News"],"inLanguage":"ht"},{"@type":"WebPage","@id":"https:\/\/floridareprofreedom.org\/2022\/09\/02\/halt\/","url":"https:\/\/floridareprofreedom.org\/2022\/09\/02\/halt\/","name":"Klinik ak dokt\u00e8 ap chache sispann lwa av\u00f2tman 15 sem\u00e8n nan Florid - Floridians For Reproductive Freedom","isPartOf":{"@id":"https:\/\/floridareprofreedom.org\/#website"},"datePublished":"2022-09-02T13:07:03+00:00","description":"Avoka s\u00e8t klinik av\u00f2tman ak yon dokt\u00e8 te depoze yon mosyon ijans pou mande Lakou Sipr\u00e8m Florid la pou bloke yon nouvo lwa ki anpeche av\u00f2tman apre 15 sem\u00e8n gwos\u00e8s.","breadcrumb":{"@id":"https:\/\/floridareprofreedom.org\/2022\/09\/02\/halt\/#breadcrumb"},"inLanguage":"ht","potentialAction":[{"@type":"ReadAction","target":["https:\/\/floridareprofreedom.org\/2022\/09\/02\/halt\/"]}]},{"@type":"BreadcrumbList","@id":"https:\/\/floridareprofreedom.org\/2022\/09\/02\/halt\/#breadcrumb","itemListElement":[{"@type":"ListItem","position":1,"name":"Home","item":"https:\/\/floridareprofreedom.org\/"},{"@type":"ListItem","position":2,"name":"Clinics, doctor seek to halt Florida&#8217;s 15-week abortion law"}]},{"@type":"WebSite","@id":"https:\/\/floridareprofreedom.org\/#website","url":"https:\/\/floridareprofreedom.org\/","name":"Floridyen pou lib\u00e8te repwodiktif","description":"Ap defann aks\u00e8 pratik, ab\u00f2dab, epi an sekirite a swen sante repwodiktif, tankou av\u00f2tman.","publisher":{"@id":"https:\/\/floridareprofreedom.org\/#organization"},"potentialAction":[{"@type":"SearchAction","target":{"@type":"EntryPoint","urlTemplate":"https:\/\/floridareprofreedom.org\/?s={search_term_string}"},"query-input":{"@type":"PropertyValueSpecification","valueRequired":true,"valueName":"search_term_string"}}],"inLanguage":"ht"},{"@type":"Organization","@id":"https:\/\/floridareprofreedom.org\/#organization","name":"Floridyen pou Lib\u00e8te Repwodiktif","url":"https:\/\/floridareprofreedom.org\/","logo":{"@type":"ImageObject","inLanguage":"ht","@id":"https:\/\/floridareprofreedom.org\/#\/schema\/logo\/image\/","url":"https:\/\/floridareprofreedom.org\/wp-content\/uploads\/2019\/05\/Untitled.jpg","contentUrl":"https:\/\/floridareprofreedom.org\/wp-content\/uploads\/2019\/05\/Untitled.jpg","width":174,"height":180,"caption":"Floridians for Reproductive Freedom"},"image":{"@id":"https:\/\/floridareprofreedom.org\/#\/schema\/logo\/image\/"},"sameAs":["https:\/\/www.facebook.com\/FloridaReproFreedom\/","https:\/\/x.com\/FLReproFreedom","https:\/\/www.instagram.com\/floridareprofreedom\/"]},{"@type":"Person","@id":"https:\/\/floridareprofreedom.org\/#\/schema\/person\/06cd4e7049bee74dc9bebadc0402516c","name":"Amy Weintraub","image":{"@type":"ImageObject","inLanguage":"ht","@id":"https:\/\/secure.gravatar.com\/avatar\/9a483688fae75a6f730c9b85f0823a5e6a6859914ce3f03840bc17f320ab460b?s=96&d=mm&r=g","url":"https:\/\/secure.gravatar.com\/avatar\/9a483688fae75a6f730c9b85f0823a5e6a6859914ce3f03840bc17f320ab460b?s=96&d=mm&r=g","contentUrl":"https:\/\/secure.gravatar.com\/avatar\/9a483688fae75a6f730c9b85f0823a5e6a6859914ce3f03840bc17f320ab460b?s=96&d=mm&r=g","caption":"Amy Weintraub"},"url":"https:\/\/floridareprofreedom.org\/ht\/author\/amy-weintraub\/"}]}},"_links":{"self":[{"href":"https:\/\/floridareprofreedom.org\/ht\/wp-json\/wp\/v2\/posts\/2556","targetHints":{"allow":["GET"]}}],"collection":[{"href":"https:\/\/floridareprofreedom.org\/ht\/wp-json\/wp\/v2\/posts"}],"about":[{"href":"https:\/\/floridareprofreedom.org\/ht\/wp-json\/wp\/v2\/types\/post"}],"author":[{"embeddable":true,"href":"https:\/\/floridareprofreedom.org\/ht\/wp-json\/wp\/v2\/users\/3"}],"replies":[{"embeddable":true,"href":"https:\/\/floridareprofreedom.org\/ht\/wp-json\/wp\/v2\/comments?post=2556"}],"version-history":[{"count":1,"href":"https:\/\/floridareprofreedom.org\/ht\/wp-json\/wp\/v2\/posts\/2556\/revisions"}],"predecessor-version":[{"id":2557,"href":"https:\/\/floridareprofreedom.org\/ht\/wp-json\/wp\/v2\/posts\/2556\/revisions\/2557"}],"wp:attachment":[{"href":"https:\/\/floridareprofreedom.org\/ht\/wp-json\/wp\/v2\/media?parent=2556"}],"wp:term":[{"taxonomy":"category","embeddable":true,"href":"https:\/\/floridareprofreedom.org\/ht\/wp-json\/wp\/v2\/categories?post=2556"},{"taxonomy":"post_tag","embeddable":true,"href":"https:\/\/floridareprofreedom.org\/ht\/wp-json\/wp\/v2\/tags?post=2556"}],"curies":[{"name":"wp","href":"https:\/\/api.w.org\/{rel}","templated":true}]}}