{"id":349,"date":"2019-01-18T13:15:30","date_gmt":"2019-01-18T13:15:30","guid":{"rendered":"https:\/\/floridareprofreedom.org\/?p=349"},"modified":"2019-01-18T13:16:30","modified_gmt":"2019-01-18T13:16:30","slug":"rezime-nouvel-sou-dwa-repwodiktif-yo","status":"publish","type":"post","link":"https:\/\/floridareprofreedom.org\/ht\/2019\/01\/18\/reproductive-rights-news-roundup\/","title":{"rendered":"Rezime Nouv\u00e8l sou Dwa Repwodiktif yo"},"content":{"rendered":"<p><a href=\"https:\/\/www.palmbeachpost.com\/news\/20190116\/pro-choice-advocates-call-florida-abortion-bill-most-extreme-ever-in-us\">Moun ki defann dwa pou av\u00f2tman yo rele pwoj\u00e8 lwa sou av\u00f2tman nan Florid la &quot;ki pi ekstr\u00e8m&quot; ki janm f\u00e8t Ozetazini.<\/a><br \/>\nPa Christine Stapleton<br \/>\nP\u00f2s Palm Beach<br \/>\n\u201cSa a se pwoj\u00e8 lwa ki pi ekstr\u00e8m ki te prezante nenp\u00f2t kote nan peyi Etazini,\u201d te di Amy Weintraub, Direkt\u00e8 Pwogram Dwa Repwodiktif pou Progress Florida. \u201cLi kl\u00e8man kont konstitisyon an nan tout sans epi li se yon tantativ flagran pou mete fen nan aks\u00e8 a swen av\u00f2tman pou fanm Florid yo.\u201d<\/p>\n<p><a href=\"https:\/\/www.floridaphoenix.com\/blog\/gop-lawmaker-files-extreme-anti-abortion-heartbeat-bill-in-florida-house\/\">Yon palmant\u00e8 Repibliken depoze yon pwoj\u00e8 lwa kont av\u00f2tman ekstr\u00e8m nan Chanm Florid la.<\/a><br \/>\nPa Mitch Perry<br \/>\nFlorid Phoenix<br \/>\nRepibliken Mike Hill nan Chanm Reprezantan Pensacola a depoze yon lwa anti-av\u00f2tman restriktif ki ta ent\u00e8di yon fanm ansent f\u00e8 av\u00f2tman nan Florid si yon dokt\u00e8 detekte yon batman k\u00e8 fetis la.<\/p>\n<p><a href=\"https:\/\/www.npr.org\/2019\/01\/18\/686260253\/with-higher-stakes-in-the-abortion-debate-activists-march-on-washington\">Av\u00e8k gwo enp\u00f2tans nan deba sou av\u00f2tman an, aktivis yo ap mache sou Washington.<\/a><br \/>\nPa Sarah McCammon<br \/>\nNPR<br \/>\nVandredi, jan yo te f\u00e8 sa pandan plizy\u00e8 diz\u00e8n ane, aktivis kont dwa av\u00f2tman yo pral mache nan Washington, DC, pou ale nan Lakou Sipr\u00e8m Etazini an \u2013 yon kote ki senbolize objektif depi lontan pou ranv\u00e8se desizyon Roe v. Wade ki te legalize pwosedi a nan tout peyi a an 1973.<\/p>\n<figure id=\"attachment_351\" aria-describedby=\"caption-attachment-351\" style=\"width: 300px\" class=\"wp-caption alignleft\"><img fetchpriority=\"high\" decoding=\"async\" class=\"size-medium wp-image-351\" src=\"https:\/\/floridareprofreedom.org\/wp-content\/uploads\/2019\/01\/play-300x285.jpg\" alt=\"\" width=\"300\" height=\"285\" srcset=\"https:\/\/floridareprofreedom.org\/wp-content\/uploads\/2019\/01\/play-300x285.jpg 300w, https:\/\/floridareprofreedom.org\/wp-content\/uploads\/2019\/01\/play.jpg 410w\" sizes=\"(max-width: 300px) 100vw, 300px\" \/><figcaption id=\"caption-attachment-351\" class=\"wp-caption-text\">Mach Fanm Florid la se yon manm FRF. Samdi se twazy\u00e8m Mach Fanm any\u00e8l la. Sitw\u00e8b Mach Fanm Florid la, ki bay detay sou Mach demen nan tout eta a nan Orlando, la a. Sitw\u00e8b nasyonal la ki lis l\u00f2t mach s\u00e8 yo la a.<\/figcaption><\/figure>\n<p><a href=\"https:\/\/www.sun-sentinel.com\/news\/nationworld\/ct-womens-march-controversy-20190117-story.html\">Militan Mach Fanm yo reflechi sou mouvman an, dezan apre.<\/a><br \/>\nPa Marissa J. Lang<br \/>\nWashington Post<br \/>\nPlizy\u00e8 milyon fanm atrav\u00e8 peyi a ak atrav\u00e8 lemond te patisipe nan manifestasyon an nan dat 21 janvye 2017, pou Mach Fanm yo sou Washington.<\/p>\n<p><a href=\"https:\/\/www.floridatoday.com\/story\/news\/2019\/01\/17\/womens-march-2019-activists-speak-up-step-out-rights-all\/2589013002\/\">Mach Fanm 2019: &#039;Nou selebre lespri solidarite a; nou mache pou dwa pou tout moun&#039;<\/a><br \/>\nPa Britt Kennerly<br \/>\nFlorid Jodi a<br \/>\nKathy Smith sonje li pa t gen okenn lide konbyen moun ki t ap vini pou premye Mach Fanm Brevard la, alew\u00e8 pou l te konnen ki moun ki t ap nan foul la nan Eau Gallie Causeway la.<\/p>\n<p><a href=\"http:\/\/folioweekly.com\/stories\/womens-wave,21041\">Vag Fanm yo<\/a><br \/>\nPa Shelton Hull<br \/>\nFolio chak sem\u00e8n Jacksonville<br \/>\nSe Washington, DC, 21 janvye 2017, epi avoka Emma Collum ap ede kow\u00f2done plis pase 27,000 fanm ki te pran otobis pou ale nan n\u00f2 soti toupatou nan eta Florid pou patisipe nan premye Mach Fanm yo.<\/p>\n<p><a href=\"http:\/\/news.wfsu.org\/post\/women-march-tallahassee-weekend\">Fanm yo pral mache nan Tallahassee wikenn sa a<\/a><br \/>\nPa Casey Chapter<br \/>\nWFSU Tallahassee<br \/>\nPandan plizy\u00e8 milye fanm ap rasanble an solidarite wikenn sa a, Tallahassee pral \u00f2ganize pw\u00f2p mach fanm li.<\/p>\n<p><a href=\"http:\/\/www.wtxl.com\/lifestyle\/second-cup-tallahassee-women-s-march\/article_77786568-17f4-11e9-a75c-2ff9bb47e52b.html\">DEZY\u00c8M KOUP: Mach Fanm Tallahassee (gen ladan l videyo)<\/a><br \/>\nRap\u00f2 Anplwaye yo<br \/>\nWTXL Tallahassee<br \/>\nLauren Brenzel te pataje ak Second Cup detay sou Mach Fanm Tallahassee a.<\/p>\n<p><a href=\"http:\/\/sunshinestatenews.com\/story\/marco-rubio-champions-pro-life-bills-senate\">Marco Rubio defann pwoj\u00e8 lwa kont lavi nan Sena a.<\/a><br \/>\nRap\u00f2 Anplwaye yo<br \/>\nNouv\u00e8l Eta Sol\u00e8y la<br \/>\nMadi, Senat\u00e8 ameriken Marco Rubio, Repibliken nan Florid, te prezante yon pwopozisyon ki f\u00e8 li tounen yon krim federal pou yon dokt\u00e8 f\u00e8 yon av\u00f2tman sou yon min\u00e8 ki pa rete nan eta a san konsantman paran yo.<\/p>\n<p><a href=\"http:\/\/www.wtxl.com\/news\/hearing-set-on-abortion-waiting-period\/article_9d89526a-1afd-11e9-8ead-4f0d3884789b.html\">Odyans fikse sou pery\u00f2d datant pou av\u00f2tman<\/a><br \/>\nRap\u00f2 Anplwaye yo<br \/>\nS\u00e8vis Nouv\u00e8l Florid<br \/>\nYon tribinal dap\u00e8l leta a pral tande agiman nan mwa mas sou konstitisyonalite yon lwa 2015 ki ta egzije pou fanm yo tann 24 \u00e8dtan anvan yo f\u00e8 av\u00f2tman.<\/p>\n<p><a href=\"https:\/\/apnews.com\/229951bca3874c9e98613c0eb77f932f\">Batay yo prevwa nan anpil eta sou pwoj\u00e8 lwa ki gen rap\u00f2 ak av\u00f2tman.<\/a><br \/>\nPa David Crary<br \/>\nAssociated Press<br \/>\nSou chak b\u00f2 deba sou av\u00f2tman an, lejislat\u00e8 ak aktivis yo, ki te ankouraje pa d\u00e8nye devlopman politik yo, gen plan pou yo pouse agresivman nan anpil eta ane sa a pou pwoj\u00e8 lwa ki an t\u00e8t lis volonte yo: swa pou ch\u00e8che enpoze ent\u00e8diksyon pr\u00e8ske total sou av\u00f2tman, oswa pou garanti aks\u00e8 fanm yo a pwosedi a.<\/p>\n<p><a href=\"https:\/\/apnews.com\/6bf623038da94f6ba74d71761f0cf665\">Jij bloke r\u00e8gleman Trump sou pwoteksyon kontrasepsyon nan 13 eta.<\/a><br \/>\nPa Sudhin Thanawala<br \/>\nAssociated Press<br \/>\nYon jij ameriken nan Kalif\u00f2ni dimanch pase a bloke r\u00e8gleman administrasyon Trump yo, ki ta p\u00e8m\u00e8t plis anplway\u00e8 chwazi pou yo pa bay fanm kontrasepsyon gratis, pou yo pa antre an vig\u00e8 nan 13 eta ak Washington, DC.<\/p>\n<p><a href=\"https:\/\/apnews.com\/8de5483260ae4d3a882cf6b1cc37e15f\">Kontrasepsyon gratis, ki se yon n\u00f2m kounye a, ap f\u00e8 fas ak defi tribinal.<\/a><br \/>\nPa Ricardo Alonso-Zaldivar<br \/>\nAssociated Press<br \/>\nPlizy\u00e8 milyon fanm amerik\u00e8n ap resevwa kontrasepsyon gratis atrav\u00e8 plan sante nan travay, rezilta Lwa sou Swen Sante Ab\u00f2dab nan ep\u00f2k Obama a, ki te elaji aks\u00e8 a kontrasepsyon.<\/p>\n<p><a href=\"https:\/\/tonic.vice.com\/en_us\/article\/8xpw8b\/crisis-pregnancy-centers-medical-services-government-funding?utm_source=vice&amp;utm_medium=fb&amp;utm_campaign=actionfb&amp;utm_content=titlex0115\">Klinik kont dwa pou av\u00f2tman yo ap chanje fason yo fonksyone pou yo kalifye pou finansman gouv\u00e8nman an.<\/a><br \/>\nPa Garnet Henderson<br \/>\nTonik<br \/>\nSant gwos\u00e8s kriz (CPC) ki baze sou lafwa\u2014ki defann val\u00e8 kont dwa pou chwazi, kont kontw\u00f2l nesans, ak pro-abstinans\u2014te egziste istorikman dey\u00f2 sist\u00e8m medikal la.<\/p>\n<p><a href=\"https:\/\/www.wptv.com\/news\/region-c-palm-beach-county\/west-palm-beach\/planned-parenthood-president-visits-west-palm-beach\">Prezidan Planned Parenthood vizite West Palm Beach<\/a><br \/>\nPa Alanna Quillen<br \/>\nWPTV West Palm Beach<br \/>\nYon figi nasyonal nan sante fanm te f\u00e8 yon ar\u00e8 nan West Palm Beach jedi.<\/p>\n<p><a href=\"https:\/\/www.gulfshorelife.com\/Along-the-Gulfshore\/January-2019\/Notorious-RBG-Co-Author-Irin-Carmon-to-Speak-in-Naples\/\">Irin Carmon, ko-ot\u00e8 notwa RBG a, pral pale nan Naples.<\/a><br \/>\nPa Justin Paprocki<br \/>\nLavi sou rivaj G\u00f2lf la<br \/>\nCarmon, ki te ko-ekri yon biyografi sou jij Lakou Sipr\u00e8m Ruth Bader Ginsburg, pral pale nan dine The Choice Affair 9 fevriye a.<\/p>","protected":false},"excerpt":{"rendered":"<p>Sem\u00e8n 13-18 janvye: Rete okouran de pi gwo istwa repwodiksyon ki soti nan Florid ak nan peyi a.<\/p>","protected":false},"author":3,"featured_media":0,"comment_status":"closed","ping_status":"closed","sticky":false,"template":"","format":"standard","meta":{"footnotes":""},"categories":[4],"tags":[],"class_list":["post-349","post","type-post","status-publish","format-standard","hentry","category-news"],"yoast_head":"<!-- This site is optimized with the Yoast SEO plugin v27.4 - https:\/\/yoast.com\/product\/yoast-seo-wordpress\/ -->\n<title>Reproductive Rights News Roundup - Floridians For Reproductive Freedom<\/title>\n<meta name=\"robots\" content=\"index, follow, max-snippet:-1, max-image-preview:large, max-video-preview:-1\" \/>\n<link rel=\"canonical\" href=\"https:\/\/floridareprofreedom.org\/ht\/2019\/01\/18\/rezime-nouvel-sou-dwa-repwodiktif-yo\/\" \/>\n<meta property=\"og:locale\" content=\"ht_HT\" \/>\n<meta property=\"og:type\" content=\"article\" \/>\n<meta property=\"og:title\" content=\"Reproductive Rights News Roundup - Floridians For Reproductive Freedom\" \/>\n<meta property=\"og:description\" content=\"Week of January 13-18: Stay up to speed on the top repro stories out of Florida and the nation\" \/>\n<meta property=\"og:url\" content=\"https:\/\/floridareprofreedom.org\/ht\/2019\/01\/18\/rezime-nouvel-sou-dwa-repwodiktif-yo\/\" \/>\n<meta property=\"og:site_name\" content=\"Floridians For Reproductive Freedom\" \/>\n<meta property=\"article:publisher\" content=\"https:\/\/www.facebook.com\/FloridaReproFreedom\/\" \/>\n<meta property=\"article:published_time\" content=\"2019-01-18T13:15:30+00:00\" \/>\n<meta property=\"article:modified_time\" content=\"2019-01-18T13:16:30+00:00\" \/>\n<meta property=\"og:image\" content=\"https:\/\/floridareprofreedom.org\/wp-content\/uploads\/2019\/01\/play-300x285.jpg\" \/>\n<meta name=\"author\" content=\"Amy Weintraub\" \/>\n<meta name=\"twitter:card\" content=\"summary_large_image\" \/>\n<meta name=\"twitter:creator\" content=\"@FLReproFreedom\" \/>\n<meta name=\"twitter:site\" content=\"@FLReproFreedom\" \/>\n<meta name=\"twitter:label1\" content=\"Written by\" \/>\n\t<meta name=\"twitter:data1\" content=\"Amy Weintraub\" \/>\n\t<meta name=\"twitter:label2\" content=\"Est. reading time\" \/>\n\t<meta name=\"twitter:data2\" content=\"4 minutes\" \/>\n<script type=\"application\/ld+json\" class=\"yoast-schema-graph\">{\"@context\":\"https:\\\/\\\/schema.org\",\"@graph\":[{\"@type\":\"Article\",\"@id\":\"https:\\\/\\\/floridareprofreedom.org\\\/2019\\\/01\\\/18\\\/reproductive-rights-news-roundup\\\/#article\",\"isPartOf\":{\"@id\":\"https:\\\/\\\/floridareprofreedom.org\\\/2019\\\/01\\\/18\\\/reproductive-rights-news-roundup\\\/\"},\"author\":{\"name\":\"Amy Weintraub\",\"@id\":\"https:\\\/\\\/floridareprofreedom.org\\\/#\\\/schema\\\/person\\\/06cd4e7049bee74dc9bebadc0402516c\"},\"headline\":\"Reproductive Rights News Roundup\",\"datePublished\":\"2019-01-18T13:15:30+00:00\",\"dateModified\":\"2019-01-18T13:16:30+00:00\",\"mainEntityOfPage\":{\"@id\":\"https:\\\/\\\/floridareprofreedom.org\\\/2019\\\/01\\\/18\\\/reproductive-rights-news-roundup\\\/\"},\"wordCount\":744,\"publisher\":{\"@id\":\"https:\\\/\\\/floridareprofreedom.org\\\/#organization\"},\"image\":{\"@id\":\"https:\\\/\\\/floridareprofreedom.org\\\/2019\\\/01\\\/18\\\/reproductive-rights-news-roundup\\\/#primaryimage\"},\"thumbnailUrl\":\"https:\\\/\\\/floridareprofreedom.org\\\/wp-content\\\/uploads\\\/2019\\\/01\\\/play-300x285.jpg\",\"articleSection\":[\"Latest News\"],\"inLanguage\":\"ht\"},{\"@type\":\"WebPage\",\"@id\":\"https:\\\/\\\/floridareprofreedom.org\\\/2019\\\/01\\\/18\\\/reproductive-rights-news-roundup\\\/\",\"url\":\"https:\\\/\\\/floridareprofreedom.org\\\/2019\\\/01\\\/18\\\/reproductive-rights-news-roundup\\\/\",\"name\":\"Reproductive Rights News Roundup - Floridians For Reproductive Freedom\",\"isPartOf\":{\"@id\":\"https:\\\/\\\/floridareprofreedom.org\\\/#website\"},\"primaryImageOfPage\":{\"@id\":\"https:\\\/\\\/floridareprofreedom.org\\\/2019\\\/01\\\/18\\\/reproductive-rights-news-roundup\\\/#primaryimage\"},\"image\":{\"@id\":\"https:\\\/\\\/floridareprofreedom.org\\\/2019\\\/01\\\/18\\\/reproductive-rights-news-roundup\\\/#primaryimage\"},\"thumbnailUrl\":\"https:\\\/\\\/floridareprofreedom.org\\\/wp-content\\\/uploads\\\/2019\\\/01\\\/play-300x285.jpg\",\"datePublished\":\"2019-01-18T13:15:30+00:00\",\"dateModified\":\"2019-01-18T13:16:30+00:00\",\"breadcrumb\":{\"@id\":\"https:\\\/\\\/floridareprofreedom.org\\\/2019\\\/01\\\/18\\\/reproductive-rights-news-roundup\\\/#breadcrumb\"},\"inLanguage\":\"ht\",\"potentialAction\":[{\"@type\":\"ReadAction\",\"target\":[\"https:\\\/\\\/floridareprofreedom.org\\\/2019\\\/01\\\/18\\\/reproductive-rights-news-roundup\\\/\"]}]},{\"@type\":\"ImageObject\",\"inLanguage\":\"ht\",\"@id\":\"https:\\\/\\\/floridareprofreedom.org\\\/2019\\\/01\\\/18\\\/reproductive-rights-news-roundup\\\/#primaryimage\",\"url\":\"https:\\\/\\\/floridareprofreedom.org\\\/wp-content\\\/uploads\\\/2019\\\/01\\\/play-300x285.jpg\",\"contentUrl\":\"https:\\\/\\\/floridareprofreedom.org\\\/wp-content\\\/uploads\\\/2019\\\/01\\\/play-300x285.jpg\"},{\"@type\":\"BreadcrumbList\",\"@id\":\"https:\\\/\\\/floridareprofreedom.org\\\/2019\\\/01\\\/18\\\/reproductive-rights-news-roundup\\\/#breadcrumb\",\"itemListElement\":[{\"@type\":\"ListItem\",\"position\":1,\"name\":\"Home\",\"item\":\"https:\\\/\\\/floridareprofreedom.org\\\/\"},{\"@type\":\"ListItem\",\"position\":2,\"name\":\"Reproductive Rights News Roundup\"}]},{\"@type\":\"WebSite\",\"@id\":\"https:\\\/\\\/floridareprofreedom.org\\\/#website\",\"url\":\"https:\\\/\\\/floridareprofreedom.org\\\/\",\"name\":\"Floridians For Reproductive Freedom\",\"description\":\"Advocating for convenient, affordable, and safe access to reproductive health care, including abortion.\",\"publisher\":{\"@id\":\"https:\\\/\\\/floridareprofreedom.org\\\/#organization\"},\"potentialAction\":[{\"@type\":\"SearchAction\",\"target\":{\"@type\":\"EntryPoint\",\"urlTemplate\":\"https:\\\/\\\/floridareprofreedom.org\\\/?s={search_term_string}\"},\"query-input\":{\"@type\":\"PropertyValueSpecification\",\"valueRequired\":true,\"valueName\":\"search_term_string\"}}],\"inLanguage\":\"ht\"},{\"@type\":\"Organization\",\"@id\":\"https:\\\/\\\/floridareprofreedom.org\\\/#organization\",\"name\":\"Floridians for Reproductive Freedom\",\"url\":\"https:\\\/\\\/floridareprofreedom.org\\\/\",\"logo\":{\"@type\":\"ImageObject\",\"inLanguage\":\"ht\",\"@id\":\"https:\\\/\\\/floridareprofreedom.org\\\/#\\\/schema\\\/logo\\\/image\\\/\",\"url\":\"https:\\\/\\\/floridareprofreedom.org\\\/wp-content\\\/uploads\\\/2019\\\/05\\\/Untitled.jpg\",\"contentUrl\":\"https:\\\/\\\/floridareprofreedom.org\\\/wp-content\\\/uploads\\\/2019\\\/05\\\/Untitled.jpg\",\"width\":174,\"height\":180,\"caption\":\"Floridians for Reproductive Freedom\"},\"image\":{\"@id\":\"https:\\\/\\\/floridareprofreedom.org\\\/#\\\/schema\\\/logo\\\/image\\\/\"},\"sameAs\":[\"https:\\\/\\\/www.facebook.com\\\/FloridaReproFreedom\\\/\",\"https:\\\/\\\/x.com\\\/FLReproFreedom\",\"https:\\\/\\\/www.instagram.com\\\/floridareprofreedom\\\/\"]},{\"@type\":\"Person\",\"@id\":\"https:\\\/\\\/floridareprofreedom.org\\\/#\\\/schema\\\/person\\\/06cd4e7049bee74dc9bebadc0402516c\",\"name\":\"Amy Weintraub\",\"image\":{\"@type\":\"ImageObject\",\"inLanguage\":\"ht\",\"@id\":\"https:\\\/\\\/secure.gravatar.com\\\/avatar\\\/9a483688fae75a6f730c9b85f0823a5e6a6859914ce3f03840bc17f320ab460b?s=96&d=mm&r=g\",\"url\":\"https:\\\/\\\/secure.gravatar.com\\\/avatar\\\/9a483688fae75a6f730c9b85f0823a5e6a6859914ce3f03840bc17f320ab460b?s=96&d=mm&r=g\",\"contentUrl\":\"https:\\\/\\\/secure.gravatar.com\\\/avatar\\\/9a483688fae75a6f730c9b85f0823a5e6a6859914ce3f03840bc17f320ab460b?s=96&d=mm&r=g\",\"caption\":\"Amy Weintraub\"},\"url\":\"https:\\\/\\\/floridareprofreedom.org\\\/ht\\\/author\\\/amy-weintraub\\\/\"}]}<\/script>\n<!-- \/ Yoast SEO plugin. -->","yoast_head_json":{"title":"Rezime Nouv\u00e8l sou Dwa Repwodiktif - Floridyen Pou Lib\u00e8te Repwodiktif","robots":{"index":"index","follow":"follow","max-snippet":"max-snippet:-1","max-image-preview":"max-image-preview:large","max-video-preview":"max-video-preview:-1"},"canonical":"https:\/\/floridareprofreedom.org\/ht\/2019\/01\/18\/rezime-nouvel-sou-dwa-repwodiktif-yo\/","og_locale":"ht_HT","og_type":"article","og_title":"Reproductive Rights News Roundup - Floridians For Reproductive Freedom","og_description":"Week of January 13-18: Stay up to speed on the top repro stories out of Florida and the nation","og_url":"https:\/\/floridareprofreedom.org\/ht\/2019\/01\/18\/rezime-nouvel-sou-dwa-repwodiktif-yo\/","og_site_name":"Floridians For Reproductive Freedom","article_publisher":"https:\/\/www.facebook.com\/FloridaReproFreedom\/","article_published_time":"2019-01-18T13:15:30+00:00","article_modified_time":"2019-01-18T13:16:30+00:00","og_image":[{"url":"https:\/\/floridareprofreedom.org\/wp-content\/uploads\/2019\/01\/play-300x285.jpg","type":"","width":"","height":""}],"author":"Amy Weintraub","twitter_card":"summary_large_image","twitter_creator":"@FLReproFreedom","twitter_site":"@FLReproFreedom","twitter_misc":{"Written by":"Amy Weintraub","Est. reading time":"4 minutes"},"schema":{"@context":"https:\/\/schema.org","@graph":[{"@type":"Article","@id":"https:\/\/floridareprofreedom.org\/2019\/01\/18\/reproductive-rights-news-roundup\/#article","isPartOf":{"@id":"https:\/\/floridareprofreedom.org\/2019\/01\/18\/reproductive-rights-news-roundup\/"},"author":{"name":"Amy Weintraub","@id":"https:\/\/floridareprofreedom.org\/#\/schema\/person\/06cd4e7049bee74dc9bebadc0402516c"},"headline":"Reproductive Rights News Roundup","datePublished":"2019-01-18T13:15:30+00:00","dateModified":"2019-01-18T13:16:30+00:00","mainEntityOfPage":{"@id":"https:\/\/floridareprofreedom.org\/2019\/01\/18\/reproductive-rights-news-roundup\/"},"wordCount":744,"publisher":{"@id":"https:\/\/floridareprofreedom.org\/#organization"},"image":{"@id":"https:\/\/floridareprofreedom.org\/2019\/01\/18\/reproductive-rights-news-roundup\/#primaryimage"},"thumbnailUrl":"https:\/\/floridareprofreedom.org\/wp-content\/uploads\/2019\/01\/play-300x285.jpg","articleSection":["Latest News"],"inLanguage":"ht"},{"@type":"WebPage","@id":"https:\/\/floridareprofreedom.org\/2019\/01\/18\/reproductive-rights-news-roundup\/","url":"https:\/\/floridareprofreedom.org\/2019\/01\/18\/reproductive-rights-news-roundup\/","name":"Rezime Nouv\u00e8l sou Dwa Repwodiktif - Floridyen Pou Lib\u00e8te Repwodiktif","isPartOf":{"@id":"https:\/\/floridareprofreedom.org\/#website"},"primaryImageOfPage":{"@id":"https:\/\/floridareprofreedom.org\/2019\/01\/18\/reproductive-rights-news-roundup\/#primaryimage"},"image":{"@id":"https:\/\/floridareprofreedom.org\/2019\/01\/18\/reproductive-rights-news-roundup\/#primaryimage"},"thumbnailUrl":"https:\/\/floridareprofreedom.org\/wp-content\/uploads\/2019\/01\/play-300x285.jpg","datePublished":"2019-01-18T13:15:30+00:00","dateModified":"2019-01-18T13:16:30+00:00","breadcrumb":{"@id":"https:\/\/floridareprofreedom.org\/2019\/01\/18\/reproductive-rights-news-roundup\/#breadcrumb"},"inLanguage":"ht","potentialAction":[{"@type":"ReadAction","target":["https:\/\/floridareprofreedom.org\/2019\/01\/18\/reproductive-rights-news-roundup\/"]}]},{"@type":"ImageObject","inLanguage":"ht","@id":"https:\/\/floridareprofreedom.org\/2019\/01\/18\/reproductive-rights-news-roundup\/#primaryimage","url":"https:\/\/floridareprofreedom.org\/wp-content\/uploads\/2019\/01\/play-300x285.jpg","contentUrl":"https:\/\/floridareprofreedom.org\/wp-content\/uploads\/2019\/01\/play-300x285.jpg"},{"@type":"BreadcrumbList","@id":"https:\/\/floridareprofreedom.org\/2019\/01\/18\/reproductive-rights-news-roundup\/#breadcrumb","itemListElement":[{"@type":"ListItem","position":1,"name":"Home","item":"https:\/\/floridareprofreedom.org\/"},{"@type":"ListItem","position":2,"name":"Reproductive Rights News Roundup"}]},{"@type":"WebSite","@id":"https:\/\/floridareprofreedom.org\/#website","url":"https:\/\/floridareprofreedom.org\/","name":"Floridyen pou lib\u00e8te repwodiktif","description":"Ap defann aks\u00e8 pratik, ab\u00f2dab, epi an sekirite a swen sante repwodiktif, tankou av\u00f2tman.","publisher":{"@id":"https:\/\/floridareprofreedom.org\/#organization"},"potentialAction":[{"@type":"SearchAction","target":{"@type":"EntryPoint","urlTemplate":"https:\/\/floridareprofreedom.org\/?s={search_term_string}"},"query-input":{"@type":"PropertyValueSpecification","valueRequired":true,"valueName":"search_term_string"}}],"inLanguage":"ht"},{"@type":"Organization","@id":"https:\/\/floridareprofreedom.org\/#organization","name":"Floridyen pou Lib\u00e8te Repwodiktif","url":"https:\/\/floridareprofreedom.org\/","logo":{"@type":"ImageObject","inLanguage":"ht","@id":"https:\/\/floridareprofreedom.org\/#\/schema\/logo\/image\/","url":"https:\/\/floridareprofreedom.org\/wp-content\/uploads\/2019\/05\/Untitled.jpg","contentUrl":"https:\/\/floridareprofreedom.org\/wp-content\/uploads\/2019\/05\/Untitled.jpg","width":174,"height":180,"caption":"Floridians for Reproductive Freedom"},"image":{"@id":"https:\/\/floridareprofreedom.org\/#\/schema\/logo\/image\/"},"sameAs":["https:\/\/www.facebook.com\/FloridaReproFreedom\/","https:\/\/x.com\/FLReproFreedom","https:\/\/www.instagram.com\/floridareprofreedom\/"]},{"@type":"Person","@id":"https:\/\/floridareprofreedom.org\/#\/schema\/person\/06cd4e7049bee74dc9bebadc0402516c","name":"Amy Weintraub","image":{"@type":"ImageObject","inLanguage":"ht","@id":"https:\/\/secure.gravatar.com\/avatar\/9a483688fae75a6f730c9b85f0823a5e6a6859914ce3f03840bc17f320ab460b?s=96&d=mm&r=g","url":"https:\/\/secure.gravatar.com\/avatar\/9a483688fae75a6f730c9b85f0823a5e6a6859914ce3f03840bc17f320ab460b?s=96&d=mm&r=g","contentUrl":"https:\/\/secure.gravatar.com\/avatar\/9a483688fae75a6f730c9b85f0823a5e6a6859914ce3f03840bc17f320ab460b?s=96&d=mm&r=g","caption":"Amy Weintraub"},"url":"https:\/\/floridareprofreedom.org\/ht\/author\/amy-weintraub\/"}]}},"_links":{"self":[{"href":"https:\/\/floridareprofreedom.org\/ht\/wp-json\/wp\/v2\/posts\/349","targetHints":{"allow":["GET"]}}],"collection":[{"href":"https:\/\/floridareprofreedom.org\/ht\/wp-json\/wp\/v2\/posts"}],"about":[{"href":"https:\/\/floridareprofreedom.org\/ht\/wp-json\/wp\/v2\/types\/post"}],"author":[{"embeddable":true,"href":"https:\/\/floridareprofreedom.org\/ht\/wp-json\/wp\/v2\/users\/3"}],"replies":[{"embeddable":true,"href":"https:\/\/floridareprofreedom.org\/ht\/wp-json\/wp\/v2\/comments?post=349"}],"version-history":[{"count":3,"href":"https:\/\/floridareprofreedom.org\/ht\/wp-json\/wp\/v2\/posts\/349\/revisions"}],"predecessor-version":[{"id":353,"href":"https:\/\/floridareprofreedom.org\/ht\/wp-json\/wp\/v2\/posts\/349\/revisions\/353"}],"wp:attachment":[{"href":"https:\/\/floridareprofreedom.org\/ht\/wp-json\/wp\/v2\/media?parent=349"}],"wp:term":[{"taxonomy":"category","embeddable":true,"href":"https:\/\/floridareprofreedom.org\/ht\/wp-json\/wp\/v2\/categories?post=349"},{"taxonomy":"post_tag","embeddable":true,"href":"https:\/\/floridareprofreedom.org\/ht\/wp-json\/wp\/v2\/tags?post=349"}],"curies":[{"name":"wp","href":"https:\/\/api.w.org\/{rel}","templated":true}]}}