{"id":355,"date":"2019-01-18T13:19:11","date_gmt":"2019-01-18T13:19:11","guid":{"rendered":"https:\/\/floridareprofreedom.org\/?p=355"},"modified":"2019-01-18T13:19:25","modified_gmt":"2019-01-18T13:19:25","slug":"marco-rubio-defann-pwoje-lwa-pro-lavi-nan-sena-a","status":"publish","type":"post","link":"https:\/\/floridareprofreedom.org\/ht\/2019\/01\/18\/marco-rubio-champions-pro-life-bills-in-the-senate\/","title":{"rendered":"Marco Rubio defann pwoj\u00e8 lwa kont lavi nan Sena a."},"content":{"rendered":"<p>Rap\u00f2 Anplwaye yo<br \/>\nNouv\u00e8l Eta Sol\u00e8y la<br \/>\nMadi, Senat\u00e8 ameriken Marco Rubio, Repibliken nan Florid, te prezante yon pwopozisyon ki f\u00e8 li tounen yon krim federal pou yon dokt\u00e8 f\u00e8 yon av\u00f2tman sou yon min\u00e8 ki pa rete nan eta a san konsantman paran yo. <em><a href=\"http:\/\/sunshinestatenews.com\/story\/marco-rubio-champions-pro-life-bills-senate\">Li plis ...<\/a><\/em><\/p>","protected":false},"excerpt":{"rendered":"<p>Rap\u00f2 Anplwaye Sunshine State News Madi, Senat\u00e8 Ameriken Marco Rubio, Repibliken Florid, te prezante yon pwopozisyon ki f\u00e8 li tounen yon krim federal pou yon dokt\u00e8 f\u00e8 yon av\u00f2tman sou yon min\u00e8 ki pa rete nan eta a san konsantman paran yo. Li plis...<\/p>","protected":false},"author":3,"featured_media":0,"comment_status":"closed","ping_status":"closed","sticky":false,"template":"","format":"standard","meta":{"footnotes":""},"categories":[4],"tags":[],"class_list":["post-355","post","type-post","status-publish","format-standard","hentry","category-news"],"yoast_head":"<!-- This site is optimized with the Yoast SEO plugin v27.4 - https:\/\/yoast.com\/product\/yoast-seo-wordpress\/ -->\n<title>Marco Rubio Champions Pro-Life Bills in the Senate - Floridians For Reproductive Freedom<\/title>\n<meta name=\"robots\" content=\"index, follow, max-snippet:-1, max-image-preview:large, max-video-preview:-1\" \/>\n<link rel=\"canonical\" href=\"https:\/\/floridareprofreedom.org\/ht\/2019\/01\/18\/marco-rubio-defann-pwoje-lwa-pro-lavi-nan-sena-a\/\" \/>\n<meta property=\"og:locale\" content=\"ht_HT\" \/>\n<meta property=\"og:type\" content=\"article\" \/>\n<meta property=\"og:title\" content=\"Marco Rubio Champions Pro-Life Bills in the Senate - Floridians For Reproductive Freedom\" \/>\n<meta property=\"og:description\" content=\"Staff Report Sunshine State News On Tuesday, U.S. Sen. Marco Rubio, R-Fla., introduced a proposal making it a federal crime for a doctor to knowingly perform an abortion on an out-of-state minor without parent consent. Read on&#8230;\" \/>\n<meta property=\"og:url\" content=\"https:\/\/floridareprofreedom.org\/ht\/2019\/01\/18\/marco-rubio-defann-pwoje-lwa-pro-lavi-nan-sena-a\/\" \/>\n<meta property=\"og:site_name\" content=\"Floridians For Reproductive Freedom\" \/>\n<meta property=\"article:publisher\" content=\"https:\/\/www.facebook.com\/FloridaReproFreedom\/\" \/>\n<meta property=\"article:published_time\" content=\"2019-01-18T13:19:11+00:00\" \/>\n<meta property=\"article:modified_time\" content=\"2019-01-18T13:19:25+00:00\" \/>\n<meta name=\"author\" content=\"Amy Weintraub\" \/>\n<meta name=\"twitter:card\" content=\"summary_large_image\" \/>\n<meta name=\"twitter:creator\" content=\"@FLReproFreedom\" \/>\n<meta name=\"twitter:site\" content=\"@FLReproFreedom\" \/>\n<meta name=\"twitter:label1\" content=\"Written by\" \/>\n\t<meta name=\"twitter:data1\" content=\"Amy Weintraub\" \/>\n<script type=\"application\/ld+json\" class=\"yoast-schema-graph\">{\"@context\":\"https:\\\/\\\/schema.org\",\"@graph\":[{\"@type\":\"Article\",\"@id\":\"https:\\\/\\\/floridareprofreedom.org\\\/2019\\\/01\\\/18\\\/marco-rubio-champions-pro-life-bills-in-the-senate\\\/#article\",\"isPartOf\":{\"@id\":\"https:\\\/\\\/floridareprofreedom.org\\\/2019\\\/01\\\/18\\\/marco-rubio-champions-pro-life-bills-in-the-senate\\\/\"},\"author\":{\"name\":\"Amy Weintraub\",\"@id\":\"https:\\\/\\\/floridareprofreedom.org\\\/#\\\/schema\\\/person\\\/06cd4e7049bee74dc9bebadc0402516c\"},\"headline\":\"Marco Rubio Champions Pro-Life Bills in the Senate\",\"datePublished\":\"2019-01-18T13:19:11+00:00\",\"dateModified\":\"2019-01-18T13:19:25+00:00\",\"mainEntityOfPage\":{\"@id\":\"https:\\\/\\\/floridareprofreedom.org\\\/2019\\\/01\\\/18\\\/marco-rubio-champions-pro-life-bills-in-the-senate\\\/\"},\"wordCount\":46,\"publisher\":{\"@id\":\"https:\\\/\\\/floridareprofreedom.org\\\/#organization\"},\"articleSection\":[\"Latest News\"],\"inLanguage\":\"ht\"},{\"@type\":\"WebPage\",\"@id\":\"https:\\\/\\\/floridareprofreedom.org\\\/2019\\\/01\\\/18\\\/marco-rubio-champions-pro-life-bills-in-the-senate\\\/\",\"url\":\"https:\\\/\\\/floridareprofreedom.org\\\/2019\\\/01\\\/18\\\/marco-rubio-champions-pro-life-bills-in-the-senate\\\/\",\"name\":\"Marco Rubio Champions Pro-Life Bills in the Senate - Floridians For Reproductive Freedom\",\"isPartOf\":{\"@id\":\"https:\\\/\\\/floridareprofreedom.org\\\/#website\"},\"datePublished\":\"2019-01-18T13:19:11+00:00\",\"dateModified\":\"2019-01-18T13:19:25+00:00\",\"breadcrumb\":{\"@id\":\"https:\\\/\\\/floridareprofreedom.org\\\/2019\\\/01\\\/18\\\/marco-rubio-champions-pro-life-bills-in-the-senate\\\/#breadcrumb\"},\"inLanguage\":\"ht\",\"potentialAction\":[{\"@type\":\"ReadAction\",\"target\":[\"https:\\\/\\\/floridareprofreedom.org\\\/2019\\\/01\\\/18\\\/marco-rubio-champions-pro-life-bills-in-the-senate\\\/\"]}]},{\"@type\":\"BreadcrumbList\",\"@id\":\"https:\\\/\\\/floridareprofreedom.org\\\/2019\\\/01\\\/18\\\/marco-rubio-champions-pro-life-bills-in-the-senate\\\/#breadcrumb\",\"itemListElement\":[{\"@type\":\"ListItem\",\"position\":1,\"name\":\"Home\",\"item\":\"https:\\\/\\\/floridareprofreedom.org\\\/\"},{\"@type\":\"ListItem\",\"position\":2,\"name\":\"Marco Rubio Champions Pro-Life Bills in the Senate\"}]},{\"@type\":\"WebSite\",\"@id\":\"https:\\\/\\\/floridareprofreedom.org\\\/#website\",\"url\":\"https:\\\/\\\/floridareprofreedom.org\\\/\",\"name\":\"Floridians For Reproductive Freedom\",\"description\":\"Advocating for convenient, affordable, and safe access to reproductive health care, including abortion.\",\"publisher\":{\"@id\":\"https:\\\/\\\/floridareprofreedom.org\\\/#organization\"},\"potentialAction\":[{\"@type\":\"SearchAction\",\"target\":{\"@type\":\"EntryPoint\",\"urlTemplate\":\"https:\\\/\\\/floridareprofreedom.org\\\/?s={search_term_string}\"},\"query-input\":{\"@type\":\"PropertyValueSpecification\",\"valueRequired\":true,\"valueName\":\"search_term_string\"}}],\"inLanguage\":\"ht\"},{\"@type\":\"Organization\",\"@id\":\"https:\\\/\\\/floridareprofreedom.org\\\/#organization\",\"name\":\"Floridians for Reproductive Freedom\",\"url\":\"https:\\\/\\\/floridareprofreedom.org\\\/\",\"logo\":{\"@type\":\"ImageObject\",\"inLanguage\":\"ht\",\"@id\":\"https:\\\/\\\/floridareprofreedom.org\\\/#\\\/schema\\\/logo\\\/image\\\/\",\"url\":\"https:\\\/\\\/floridareprofreedom.org\\\/wp-content\\\/uploads\\\/2019\\\/05\\\/Untitled.jpg\",\"contentUrl\":\"https:\\\/\\\/floridareprofreedom.org\\\/wp-content\\\/uploads\\\/2019\\\/05\\\/Untitled.jpg\",\"width\":174,\"height\":180,\"caption\":\"Floridians for Reproductive Freedom\"},\"image\":{\"@id\":\"https:\\\/\\\/floridareprofreedom.org\\\/#\\\/schema\\\/logo\\\/image\\\/\"},\"sameAs\":[\"https:\\\/\\\/www.facebook.com\\\/FloridaReproFreedom\\\/\",\"https:\\\/\\\/x.com\\\/FLReproFreedom\",\"https:\\\/\\\/www.instagram.com\\\/floridareprofreedom\\\/\"]},{\"@type\":\"Person\",\"@id\":\"https:\\\/\\\/floridareprofreedom.org\\\/#\\\/schema\\\/person\\\/06cd4e7049bee74dc9bebadc0402516c\",\"name\":\"Amy Weintraub\",\"image\":{\"@type\":\"ImageObject\",\"inLanguage\":\"ht\",\"@id\":\"https:\\\/\\\/secure.gravatar.com\\\/avatar\\\/9a483688fae75a6f730c9b85f0823a5e6a6859914ce3f03840bc17f320ab460b?s=96&d=mm&r=g\",\"url\":\"https:\\\/\\\/secure.gravatar.com\\\/avatar\\\/9a483688fae75a6f730c9b85f0823a5e6a6859914ce3f03840bc17f320ab460b?s=96&d=mm&r=g\",\"contentUrl\":\"https:\\\/\\\/secure.gravatar.com\\\/avatar\\\/9a483688fae75a6f730c9b85f0823a5e6a6859914ce3f03840bc17f320ab460b?s=96&d=mm&r=g\",\"caption\":\"Amy Weintraub\"},\"url\":\"https:\\\/\\\/floridareprofreedom.org\\\/ht\\\/author\\\/amy-weintraub\\\/\"}]}<\/script>\n<!-- \/ Yoast SEO plugin. -->","yoast_head_json":{"title":"Marco Rubio defann pwoj\u00e8 lwa kont lavi nan Sena a - Floridyen pou lib\u00e8te repwodiktif","robots":{"index":"index","follow":"follow","max-snippet":"max-snippet:-1","max-image-preview":"max-image-preview:large","max-video-preview":"max-video-preview:-1"},"canonical":"https:\/\/floridareprofreedom.org\/ht\/2019\/01\/18\/marco-rubio-defann-pwoje-lwa-pro-lavi-nan-sena-a\/","og_locale":"ht_HT","og_type":"article","og_title":"Marco Rubio Champions Pro-Life Bills in the Senate - Floridians For Reproductive Freedom","og_description":"Staff Report Sunshine State News On Tuesday, U.S. Sen. Marco Rubio, R-Fla., introduced a proposal making it a federal crime for a doctor to knowingly perform an abortion on an out-of-state minor without parent consent. Read on&#8230;","og_url":"https:\/\/floridareprofreedom.org\/ht\/2019\/01\/18\/marco-rubio-defann-pwoje-lwa-pro-lavi-nan-sena-a\/","og_site_name":"Floridians For Reproductive Freedom","article_publisher":"https:\/\/www.facebook.com\/FloridaReproFreedom\/","article_published_time":"2019-01-18T13:19:11+00:00","article_modified_time":"2019-01-18T13:19:25+00:00","author":"Amy Weintraub","twitter_card":"summary_large_image","twitter_creator":"@FLReproFreedom","twitter_site":"@FLReproFreedom","twitter_misc":{"Written by":"Amy Weintraub"},"schema":{"@context":"https:\/\/schema.org","@graph":[{"@type":"Article","@id":"https:\/\/floridareprofreedom.org\/2019\/01\/18\/marco-rubio-champions-pro-life-bills-in-the-senate\/#article","isPartOf":{"@id":"https:\/\/floridareprofreedom.org\/2019\/01\/18\/marco-rubio-champions-pro-life-bills-in-the-senate\/"},"author":{"name":"Amy Weintraub","@id":"https:\/\/floridareprofreedom.org\/#\/schema\/person\/06cd4e7049bee74dc9bebadc0402516c"},"headline":"Marco Rubio Champions Pro-Life Bills in the Senate","datePublished":"2019-01-18T13:19:11+00:00","dateModified":"2019-01-18T13:19:25+00:00","mainEntityOfPage":{"@id":"https:\/\/floridareprofreedom.org\/2019\/01\/18\/marco-rubio-champions-pro-life-bills-in-the-senate\/"},"wordCount":46,"publisher":{"@id":"https:\/\/floridareprofreedom.org\/#organization"},"articleSection":["Latest News"],"inLanguage":"ht"},{"@type":"WebPage","@id":"https:\/\/floridareprofreedom.org\/2019\/01\/18\/marco-rubio-champions-pro-life-bills-in-the-senate\/","url":"https:\/\/floridareprofreedom.org\/2019\/01\/18\/marco-rubio-champions-pro-life-bills-in-the-senate\/","name":"Marco Rubio defann pwoj\u00e8 lwa kont lavi nan Sena a - Floridyen pou lib\u00e8te repwodiktif","isPartOf":{"@id":"https:\/\/floridareprofreedom.org\/#website"},"datePublished":"2019-01-18T13:19:11+00:00","dateModified":"2019-01-18T13:19:25+00:00","breadcrumb":{"@id":"https:\/\/floridareprofreedom.org\/2019\/01\/18\/marco-rubio-champions-pro-life-bills-in-the-senate\/#breadcrumb"},"inLanguage":"ht","potentialAction":[{"@type":"ReadAction","target":["https:\/\/floridareprofreedom.org\/2019\/01\/18\/marco-rubio-champions-pro-life-bills-in-the-senate\/"]}]},{"@type":"BreadcrumbList","@id":"https:\/\/floridareprofreedom.org\/2019\/01\/18\/marco-rubio-champions-pro-life-bills-in-the-senate\/#breadcrumb","itemListElement":[{"@type":"ListItem","position":1,"name":"Home","item":"https:\/\/floridareprofreedom.org\/"},{"@type":"ListItem","position":2,"name":"Marco Rubio Champions Pro-Life Bills in the Senate"}]},{"@type":"WebSite","@id":"https:\/\/floridareprofreedom.org\/#website","url":"https:\/\/floridareprofreedom.org\/","name":"Floridyen pou lib\u00e8te repwodiktif","description":"Ap defann aks\u00e8 pratik, ab\u00f2dab, epi an sekirite a swen sante repwodiktif, tankou av\u00f2tman.","publisher":{"@id":"https:\/\/floridareprofreedom.org\/#organization"},"potentialAction":[{"@type":"SearchAction","target":{"@type":"EntryPoint","urlTemplate":"https:\/\/floridareprofreedom.org\/?s={search_term_string}"},"query-input":{"@type":"PropertyValueSpecification","valueRequired":true,"valueName":"search_term_string"}}],"inLanguage":"ht"},{"@type":"Organization","@id":"https:\/\/floridareprofreedom.org\/#organization","name":"Floridyen pou Lib\u00e8te Repwodiktif","url":"https:\/\/floridareprofreedom.org\/","logo":{"@type":"ImageObject","inLanguage":"ht","@id":"https:\/\/floridareprofreedom.org\/#\/schema\/logo\/image\/","url":"https:\/\/floridareprofreedom.org\/wp-content\/uploads\/2019\/05\/Untitled.jpg","contentUrl":"https:\/\/floridareprofreedom.org\/wp-content\/uploads\/2019\/05\/Untitled.jpg","width":174,"height":180,"caption":"Floridians for Reproductive Freedom"},"image":{"@id":"https:\/\/floridareprofreedom.org\/#\/schema\/logo\/image\/"},"sameAs":["https:\/\/www.facebook.com\/FloridaReproFreedom\/","https:\/\/x.com\/FLReproFreedom","https:\/\/www.instagram.com\/floridareprofreedom\/"]},{"@type":"Person","@id":"https:\/\/floridareprofreedom.org\/#\/schema\/person\/06cd4e7049bee74dc9bebadc0402516c","name":"Amy Weintraub","image":{"@type":"ImageObject","inLanguage":"ht","@id":"https:\/\/secure.gravatar.com\/avatar\/9a483688fae75a6f730c9b85f0823a5e6a6859914ce3f03840bc17f320ab460b?s=96&d=mm&r=g","url":"https:\/\/secure.gravatar.com\/avatar\/9a483688fae75a6f730c9b85f0823a5e6a6859914ce3f03840bc17f320ab460b?s=96&d=mm&r=g","contentUrl":"https:\/\/secure.gravatar.com\/avatar\/9a483688fae75a6f730c9b85f0823a5e6a6859914ce3f03840bc17f320ab460b?s=96&d=mm&r=g","caption":"Amy Weintraub"},"url":"https:\/\/floridareprofreedom.org\/ht\/author\/amy-weintraub\/"}]}},"_links":{"self":[{"href":"https:\/\/floridareprofreedom.org\/ht\/wp-json\/wp\/v2\/posts\/355","targetHints":{"allow":["GET"]}}],"collection":[{"href":"https:\/\/floridareprofreedom.org\/ht\/wp-json\/wp\/v2\/posts"}],"about":[{"href":"https:\/\/floridareprofreedom.org\/ht\/wp-json\/wp\/v2\/types\/post"}],"author":[{"embeddable":true,"href":"https:\/\/floridareprofreedom.org\/ht\/wp-json\/wp\/v2\/users\/3"}],"replies":[{"embeddable":true,"href":"https:\/\/floridareprofreedom.org\/ht\/wp-json\/wp\/v2\/comments?post=355"}],"version-history":[{"count":1,"href":"https:\/\/floridareprofreedom.org\/ht\/wp-json\/wp\/v2\/posts\/355\/revisions"}],"predecessor-version":[{"id":356,"href":"https:\/\/floridareprofreedom.org\/ht\/wp-json\/wp\/v2\/posts\/355\/revisions\/356"}],"wp:attachment":[{"href":"https:\/\/floridareprofreedom.org\/ht\/wp-json\/wp\/v2\/media?parent=355"}],"wp:term":[{"taxonomy":"category","embeddable":true,"href":"https:\/\/floridareprofreedom.org\/ht\/wp-json\/wp\/v2\/categories?post=355"},{"taxonomy":"post_tag","embeddable":true,"href":"https:\/\/floridareprofreedom.org\/ht\/wp-json\/wp\/v2\/tags?post=355"}],"curies":[{"name":"wp","href":"https:\/\/api.w.org\/{rel}","templated":true}]}}