{"id":4099,"date":"2025-07-02T20:51:59","date_gmt":"2025-07-02T20:51:59","guid":{"rendered":"https:\/\/floridareprofreedom.org\/?p=4099"},"modified":"2026-04-06T19:51:52","modified_gmt":"2026-04-06T19:51:52","slug":"sesyon-lejislatif","status":"publish","type":"post","link":"https:\/\/floridareprofreedom.org\/ht\/2025\/07\/02\/legislativesession\/","title":{"rendered":"Sesyon Lejislatif 2026"},"content":{"rendered":"<div data-elementor-type=\"wp-post\" data-elementor-id=\"4099\" class=\"elementor elementor-4099\" data-elementor-post-type=\"post\">\n\t\t\t\t\t\t<section class=\"elementor-section elementor-top-section elementor-element elementor-element-2db4fb1 elementor-section-boxed elementor-section-height-default elementor-section-height-default\" data-id=\"2db4fb1\" data-element_type=\"section\" data-e-type=\"section\">\n\t\t\t\t\t\t<div class=\"elementor-container elementor-column-gap-default\">\n\t\t\t\t\t<div class=\"elementor-column elementor-col-100 elementor-top-column elementor-element elementor-element-f8aeddf\" data-id=\"f8aeddf\" data-element_type=\"column\" data-e-type=\"column\">\n\t\t\t<div class=\"elementor-widget-wrap elementor-element-populated\">\n\t\t\t\t\t\t<div class=\"elementor-element elementor-element-bd082aa elementor-widget elementor-widget-text-editor\" data-id=\"bd082aa\" data-element_type=\"widget\" data-e-type=\"widget\" data-widget_type=\"text-editor.default\">\n\t\t\t\t<div class=\"elementor-widget-container\">\n\t\t\t\t\t\t\t\t\t<p style=\"text-align: center;\">Ede nou voye yon mesaj kl\u00e8: politisyen yo pa t janm pi kalifye pase nou pou pran desizyon sou swen sante pou nou.<\/p>\n<p style=\"text-align: center;\">Gras a sip\u00f2 ou, nou te def\u00e8t plis atak kont lib\u00e8te nou yo an 2026.<\/p>\n<p style=\"text-align: center;\"><strong><a href=\"https:\/\/bit.ly\/REPROINFL\">Klike la a<\/a><\/strong> pou enskri pou d\u00e8nye nouv\u00e8l pou rete okouran sou ef\u00f2 nan lavni.<\/p><p><span style=\"font-size: 21.16px;\"><b>Lejislasyon ki swiv:<\/b><\/span><\/p><p><em>Lis sa a gen anpil, men se pa tout, pwoj\u00e8 lwa ke Kowalisyon an te swiv nan sesyon sa a ki gen enpak sou dwa fondamantal nou yo. Pou yon l\u00f2t lis nan men Equality Florida a, <a href=\"https:\/\/eqfl.org\/2026-legislative-slate\">klike la a.<\/a><\/em><\/p>\t\t\t\t\t\t\t\t<\/div>\n\t\t\t\t<\/div>\n\t\t\t\t\t<\/div>\n\t\t<\/div>\n\t\t\t\t\t<\/div>\n\t\t<\/section>\n\t\t\t\t<section class=\"elementor-section elementor-top-section elementor-element elementor-element-c7e5479 elementor-section-boxed elementor-section-height-default elementor-section-height-default\" data-id=\"c7e5479\" data-element_type=\"section\" data-e-type=\"section\">\n\t\t\t\t\t\t<div class=\"elementor-container elementor-column-gap-default\">\n\t\t\t\t\t<div class=\"elementor-column elementor-col-100 elementor-top-column elementor-element elementor-element-5982544\" data-id=\"5982544\" data-element_type=\"column\" data-e-type=\"column\">\n\t\t\t<div class=\"elementor-widget-wrap elementor-element-populated\">\n\t\t\t\t\t\t<div class=\"elementor-element elementor-element-0a7a4a2 elementor-widget__width-initial elementor-widget elementor-widget-image\" data-id=\"0a7a4a2\" data-element_type=\"widget\" data-e-type=\"widget\" data-widget_type=\"image.default\">\n\t\t\t\t<div class=\"elementor-widget-container\">\n\t\t\t\t\t\t\t\t\t\t\t\t\t\t\t\t<a href=\"https:\/\/bit.ly\/REPROINFL\">\n\t\t\t\t\t\t\t<img fetchpriority=\"high\" decoding=\"async\" width=\"768\" height=\"453\" src=\"https:\/\/floridareprofreedom.org\/wp-content\/uploads\/2025\/04\/unnamed-2-768x453.jpg\" class=\"attachment-medium_large size-medium_large wp-image-3890\" alt=\"\" srcset=\"https:\/\/floridareprofreedom.org\/wp-content\/uploads\/2025\/04\/unnamed-2-768x453.jpg 768w, https:\/\/floridareprofreedom.org\/wp-content\/uploads\/2025\/04\/unnamed-2-300x177.jpg 300w, https:\/\/floridareprofreedom.org\/wp-content\/uploads\/2025\/04\/unnamed-2-1024x604.jpg 1024w, https:\/\/floridareprofreedom.org\/wp-content\/uploads\/2025\/04\/unnamed-2-1536x907.jpg 1536w, https:\/\/floridareprofreedom.org\/wp-content\/uploads\/2025\/04\/unnamed-2.jpg 2028w\" sizes=\"(max-width: 768px) 100vw, 768px\" \/>\t\t\t\t\t\t\t\t<\/a>\n\t\t\t\t\t\t\t\t\t\t\t\t\t\t\t<\/div>\n\t\t\t\t<\/div>\n\t\t\t\t\t<\/div>\n\t\t<\/div>\n\t\t\t\t\t<\/div>\n\t\t<\/section>\n\t\t<div class=\"elementor-element elementor-element-5d54ac5 e-flex e-con-boxed e-con e-parent\" data-id=\"5d54ac5\" data-element_type=\"container\" data-e-type=\"container\">\n\t\t\t\t\t<div class=\"e-con-inner\">\n\t\t\t\t<div class=\"elementor-element elementor-element-aea7e14 elementor-widget elementor-widget-text-editor\" data-id=\"aea7e14\" data-element_type=\"widget\" data-e-type=\"widget\" data-widget_type=\"text-editor.default\">\n\t\t\t\t<div class=\"elementor-widget-container\">\n\t\t\t\t\t\t\t\t\t<h4><strong>Move lwa nou te def\u00e8t:<\/strong><\/h4><div><p data-start=\"0\" data-end=\"152\"><strong data-start=\"0\" data-end=\"152\"><span style=\"text-decoration: underline;\">Lwa sou Prim pou Av\u00f2tman an<\/span>SB 1374 \/ HB 663 pa Senat\u00e8 Jonathan Martin ak Reprezantan Shane Abbott<\/strong><\/p><p data-start=\"154\" data-end=\"589\">Pwoj\u00e8 lwa sa a te kreye yon k\u00f2z aksyon pou paran, mari oswa madanm, fr\u00e8 ak s\u00e8, moun ki abize yon pasyan, oswa vyolat\u00e8 yon pasyan pou yo rele l nan tribinal pou $100,000 an domaj si pasyan an te jwenn aks\u00e8 a grenn av\u00f2tman pa lap\u00f2s oswa atrav\u00e8 telesante. Pwoj\u00e8 lwa a te vize entansyon\u00e8lman founis\u00e8 telesante ak lalwa pwoteksyon an epi li te eseye limite distribisyon grenn av\u00f2tman pa lap\u00f2s. Pwoj\u00e8 lwa nimewo 663 nan Chanm Reprezantan an te ka f\u00e8 manm fanmi yo tounen kont youn l\u00f2t epi moun ki abize yo tounen chas\u00e8 prim.<\/p><p data-start=\"591\" data-end=\"695\" data-is-last-node=\"\" data-is-only-node=\"\"><strong data-start=\"591\" data-end=\"601\">Kay:<\/strong> Pa te mete sou yon ajanda.<br data-start=\"630\" data-end=\"633\" \/><strong data-start=\"633\" data-end=\"644\" data-is-only-node=\"\">Sena a:<\/strong> Pa te mete sou yon ajanda.<br data-start=\"673\" data-end=\"676\" \/><strong data-start=\"676\" data-end=\"687\">Sitiyasyon: <span style=\"color: #ff0000;\">Echwe<\/span><\/strong>.<\/p><p data-start=\"0\" data-end=\"151\"><strong data-start=\"0\" data-end=\"151\"><span style=\"text-decoration: underline;\">Lwa sou Mete Timoun Nou yo an Danje<\/span>SB 166 \/ HB 173 pa Senat\u00e8 Erin Grall ak Reprezantan Kim Kendall<\/strong><\/p><p data-start=\"153\" data-end=\"348\">Pwoj\u00e8 lwa sa a ta ent\u00e8di tretman pou maladi transmisib seksy\u00e8lman (IST), pif\u00f2 resous sante mantal an ka kriz (tankou yon liy dir\u00e8k pou prevansyon swisid), sondaj sou sante, ak kontrasepsyon pou min\u00e8 ki pa t ka enplike yon paran.<\/p><p data-start=\"350\" data-end=\"608\"><a href=\"https:\/\/actionnetwork.org\/letters\/tell-florida-legislators-oppose-hb-173-and-protect-young-people?source=direct_link&amp;\">Enf\u00f2masyon pou kontakte d\u00e8nye komite Chanm Reprezantan an ki te egzamine pwoj\u00e8 lwa sa a te disponib deja.<\/a><br data-start=\"451\" data-end=\"454\" \/><a href=\"https:\/\/www.weareplannedparenthoodaction.org\/a\/sb-166-hb-173-action\">Defans\u00e8 yo te ankouraje elekt\u00e8 yo pou yo kontakte lejislat\u00e8 yo pou yo opoze pwoj\u00e8 lwa sa a.<br data-start=\"530\" data-end=\"533\" \/><\/a><a href=\"https:\/\/www.plannedparenthoodaction.org\/uploads\/filer_public\/66\/f2\/66f2e5d5-2292-4cbb-ae96-77e0ec5610dc\/sb_166_hb_173_endangering_our_kids_act_fact_sheet_12-5-25.pdf\"><b>Yon f\u00e8y enf\u00f2masyon ki soti nan <span class=\"hover:entity-accent entity-underline inline cursor-pointer align-baseline\"><span class=\"whitespace-normal\">Planifikasyon Paran yo<\/span><\/span> te disponib.<\/b><\/a><\/p><p data-start=\"591\" data-end=\"695\" data-is-last-node=\"\" data-is-only-node=\"\"><strong data-start=\"591\" data-end=\"601\">Kay:<\/strong> Mouri nan Dezy\u00e8m Lekti a<br data-start=\"630\" data-end=\"633\" \/><strong data-start=\"633\" data-end=\"644\" data-is-only-node=\"\">Sena a:<\/strong> Mouri nan Komite a<br data-start=\"673\" data-end=\"676\" \/><strong data-start=\"676\" data-end=\"687\">Sitiyasyon:\u00a0<span style=\"color: #ff0000;\">Echwe<\/span><\/strong>.<\/p><p data-start=\"0\" data-end=\"150\"><strong data-start=\"0\" data-end=\"150\"><span style=\"text-decoration: underline;\">Deklarasyon Dwa Abiz\u00e8 yo<\/span>SB 164 \/ HB 289 pa Senat\u00e8 <span class=\"hover:entity-accent entity-underline inline cursor-pointer align-baseline\"><span class=\"whitespace-normal\">Erin Grall<\/span><\/span> ak Reprezantan <span class=\"hover:entity-accent entity-underline inline cursor-pointer align-baseline\"><span class=\"whitespace-normal\">Sam Greco<\/span><\/span><\/strong><\/p><p data-start=\"152\" data-end=\"627\">Pwoj\u00e8 lwa twonp\u00e8z sa a ta kreye yon pant glise ki ta ka f\u00e8 ze ak anbriyon f\u00e8tilize yo gen menm dwa ak yon moun vivan. Sa vle di ke pou yon pasyan ansent, se avoka\u2014pa dokt\u00e8\u2014yo ta konsilte yo si yo te bezwen swen sante, menm nan yon ijans. Sa ta ka mete an danje aks\u00e8 a FIV, chimyoterapi, ak av\u00f2tman si patn\u00e8 a, abiz\u00e8 a, oswa vyolat\u00e8 yon pasyan ansent te kapab pouswiv an jistis pou p\u00e8t oswa ant\u00e8man gwos\u00e8s la.<\/p><p data-start=\"629\" data-end=\"886\"><a href=\"https:\/\/actionnetwork.org\/letters\/tell-the-florida-legislature-stop-senate-bill-164?\">Defans\u00e8 yo te ankouraje elekt\u00e8 yo pou yo voye yon im\u00e8l bay Reprezantan ak Senat\u00e8 yo pou yo opoze SB 164 la.<br data-start=\"717\" data-end=\"720\" \/><\/a><a href=\"http:\/\/Take action through Planned Parenthood here.\">Yo te ankouraje sip\u00f2t\u00e8 yo pou yo pran aksyon atrav\u00e8 <span class=\"hover:entity-accent entity-underline inline cursor-pointer align-baseline\"><span class=\"whitespace-normal\">Planifikasyon Paran yo<\/span><\/span>.<br data-start=\"808\" data-end=\"811\" \/><\/a><a href=\"https:\/\/www.plannedparenthoodaction.org\/planned-parenthood-florida-action\/session\/abusers-bill-of-rights-sb-164\"><b>Yon f\u00e8y enf\u00f2masyon ki soti nan <span class=\"hover:entity-accent entity-underline inline cursor-pointer align-baseline\"><span class=\"whitespace-normal\">Planifikasyon Paran yo<\/span><\/span> te disponib.<\/b><\/a><\/p><p data-start=\"888\" data-end=\"1009\"><strong data-start=\"888\" data-end=\"898\">Kay:<\/strong> Mwen pase devan tribinal la, <a href=\"https:\/\/www.flhouse.gov\/Sections\/Bills\/floorvote.aspx?VoteId=24339&amp;BillId=82834&amp;SessionId=113&amp;\">av\u00e8k 76 v\u00f2t pou ak 34 kont.<\/a><br data-start=\"961\" data-end=\"964\" \/><strong data-start=\"964\" data-end=\"975\">Sena a:<\/strong> Li te pase de nan twa komite yo.<br data-start=\"673\" data-end=\"676\" \/><strong data-start=\"676\" data-end=\"687\">Sitiyasyon:\u00a0<span style=\"color: #ff0000;\">Echwe<\/span><\/strong>.<\/p><p data-start=\"0\" data-end=\"155\"><strong data-start=\"0\" data-end=\"155\"><span style=\"text-decoration: underline;\">Lwa sou Andoktrinasyon El\u00e8v yo<\/span>SB 1090 \/ HB 1071 pa Senat\u00e8 <span class=\"hover:entity-accent entity-underline inline cursor-pointer align-baseline\"><span class=\"whitespace-normal\">Erin Grall<\/span><\/span> ak Reprezantan <span class=\"hover:entity-accent entity-underline inline cursor-pointer align-baseline\"><span class=\"whitespace-normal\">Dana Trabulsy<\/span><\/span><\/strong><\/p><p data-start=\"157\" data-end=\"508\">Pwoj\u00e8 lwa radikal sa a t ap egzije el\u00e8v yo gade yon videyo ki pa k\u00f2r\u00e8k medikalman tankou &quot;Baby Olivia&quot; ki soti nan yon gwoup ekstremis nasyonal kont av\u00f2tman, ent\u00e8di klib el\u00e8v yo patisipe nan pwobl\u00e8m politik oswa sosyal, epi f\u00f2se paran yo chwazi proactivement pou el\u00e8v yo resevwa edikasyon sou sante repwodiktif olye de opsyon pou refize av\u00f2tman anvan an.<\/p><p data-start=\"510\" data-end=\"605\"><a href=\"https:\/\/www.weareplannedparenthoodaction.org\/a\/sb-1090-hb-1071-action?\">Defans\u00e8 yo te ankouraje elekt\u00e8 yo pou yo pran aksyon atrav\u00e8 <span class=\"hover:entity-accent entity-underline inline cursor-pointer align-baseline\"><span class=\"whitespace-normal\">Planifikasyon Paran yo<\/span><\/span>.<\/a><\/p><p data-start=\"607\" data-end=\"761\"><strong data-start=\"607\" data-end=\"617\">Kay:<\/strong> Mwen pase devan tribinal la, <a href=\"https:\/\/www.flhouse.gov\/Sections\/Bills\/floorvote.aspx?VoteId=24606&amp;BillId=83745&amp;&amp;\">av\u00e8k 82 v\u00f2t pou ak 31 kont.<\/a><br data-start=\"680\" data-end=\"683\" \/><strong data-start=\"683\" data-end=\"694\">Sena a:<\/strong> Yo te pase yon v\u00e8syon pwoj\u00e8 lwa sa a ki te retire z\u00f2n enkyetid yo.<br data-start=\"673\" data-end=\"676\" \/><strong data-start=\"676\" data-end=\"687\">Sitiyasyon:\u00a0<span style=\"color: #ff0000;\">Echwe<\/span><\/strong>.<\/p><p data-start=\"0\" data-end=\"164\"><strong data-start=\"0\" data-end=\"164\"><span style=\"text-decoration: underline;\">Bary\u00e8 pou FIV ak S\u00e8vis F\u00e8tilite<\/span>SB 1044 \/ HB 993 pa Senat\u00e8 <span class=\"hover:entity-accent entity-underline inline cursor-pointer align-baseline\"><span class=\"whitespace-normal\">Erin Grall<\/span><\/span> ak Reprezantan <span class=\"hover:entity-accent entity-underline inline cursor-pointer align-baseline\"><span class=\"whitespace-normal\">Jenna Persons-Mulicka<\/span><\/span><\/strong><\/p><p data-start=\"166\" data-end=\"361\">Pwoj\u00e8 lwa sa a te kreye nouvo obstak initil pou FIV ak tretman f\u00e8tilite l\u00e8 li te f\u00f2se fanmi yo navige anba egzijans ki motive politikman e ki pa antrave moun sou pret\u00e8ks &quot;konsantman enf\u00f2me&quot;.\u201c<\/p><p data-start=\"363\" data-end=\"447\"><strong data-start=\"363\" data-end=\"373\">Kay:<\/strong> Pa te mete sou yon ajanda.<br data-start=\"402\" data-end=\"405\" \/><strong data-start=\"405\" data-end=\"416\">Sena a:<\/strong> Pa te mete sou yon ajanda.<br data-start=\"673\" data-end=\"676\" \/><strong data-start=\"676\" data-end=\"687\">Sitiyasyon:\u00a0<span style=\"color: #ff0000;\">Echwe<\/span><\/strong>.<\/p><p data-start=\"0\" data-end=\"168\"><strong data-start=\"0\" data-end=\"168\"><span style=\"text-decoration: underline;\">Restriksyon sou Konstriksyon Fanmi ak Maternite Sistitusyon\u00e8l<\/span>SB 1680 \/ HB 1487 pa Senat\u00e8 <span class=\"hover:entity-accent entity-underline inline cursor-pointer align-baseline\"><span class=\"whitespace-normal\">Erin Grall<\/span><\/span> ak Reprezantan <span class=\"hover:entity-accent entity-underline inline cursor-pointer align-baseline\"><span class=\"whitespace-normal\">Monik Miller<\/span><\/span><\/strong><\/p><p data-start=\"170\" data-end=\"365\">Pwoj\u00e8 lwa sa a atake lib\u00e8te pou bati yon fanmi l\u00e8 li f\u00e8men chemen ki la depi lontan pou vin paran, sitou pou moun LGBTQ+ ak l\u00f2t moun ki te konte sou teknoloji repwodiksyon asist\u00e9 (ART).<\/p><p data-start=\"367\" data-end=\"451\"><strong data-start=\"367\" data-end=\"377\">Kay:<\/strong> Pa te mete sou yon ajanda.<br data-start=\"406\" data-end=\"409\" \/><strong data-start=\"409\" data-end=\"420\">Sena a:<\/strong> Pa te mete sou yon ajanda.<br data-start=\"673\" data-end=\"676\" \/><strong data-start=\"676\" data-end=\"687\">Sitiyasyon:\u00a0<span style=\"color: #ff0000;\">Echwe<\/span><\/strong>. *<\/p><p data-start=\"477\" data-end=\"592\" data-is-last-node=\"\" data-is-only-node=\"\">*Yo te pase yon langaj ki mete restriksyon sou kontra mat\u00e8nite pou oswa av\u00e8k nenp\u00f2t moun ki soti nan yon &quot;peyi etranje ki anba enkyetid&quot;. <a href=\"https:\/\/www.flhouse.gov\/Sections\/Bills\/billsdetail.aspx?BillId=83537&amp;SessionId=113\">HB 905<\/a>.<\/p><\/div><p data-start=\"0\" data-end=\"158\"><strong data-start=\"0\" data-end=\"158\"><span style=\"text-decoration: underline;\">Pa di ou se masisi oubyen trans nan travay ou.<\/span>SB 1642 \/ HB 641 pa Senat\u00e8 <span class=\"hover:entity-accent entity-underline inline cursor-pointer align-baseline\"><span class=\"whitespace-normal\">Stan McClain<\/span><\/span> ak Reprezantan <span class=\"hover:entity-accent entity-underline inline cursor-pointer align-baseline\"><span class=\"whitespace-normal\">Rach\u00e8l Plakon<\/span><\/span><\/strong><\/p><p data-start=\"160\" data-end=\"698\">Pwoj\u00e8 lwa sa a te f\u00f2se ideyoloji anti-LGBTQ ekstr\u00e8m antre nan espas travay la l\u00e8 li te kontwole fason moun yo te pale de t\u00e8t yo ak l\u00f2t moun nan travay la. Li ta kreye yon lisans pou f\u00e8 diskriminasyon kont Floridyen transganr nan espas travay gouv\u00e8nman an l\u00e8 li ankouraje move idantifikasyon s\u00e8ks epi li ent\u00e8di kandida pou travay idantifye k\u00f2m transganr oswa non-bin\u00e8. Pwoj\u00e8 lwa a ta ent\u00e8di tou f\u00f2masyon konpetans kiltir\u00e8l ki gen rap\u00f2 ak LGBTQ pou anplwaye biznis ki te resevwa finansman leta, sa ki ta f\u00e8 espas travay atrav\u00e8 Florid mwens an sekirite e mwens respekte.<\/p><p data-start=\"700\" data-end=\"776\"><a href=\"https:\/\/act.eqfl.org\/a\/2026-dont-say-gay-trans-at-work\">Defans\u00e8 yo te ankouraje elekt\u00e8 yo pou yo kontakte lejislat\u00e8 yo pou yo opoze pwoj\u00e8 lwa sa a.<\/a><\/p><p data-start=\"778\" data-end=\"957\"><strong data-start=\"778\" data-end=\"788\">Kay:<\/strong> Li te pase tout komite yo e li te pare pou l pale nan Chanm Reprezantan an, men yo pa t mete l sou okenn ajanda.<br data-start=\"877\" data-end=\"880\" \/><strong data-start=\"880\" data-end=\"891\">Sena a:<\/strong> Li te pase youn nan twa komite yo epi yo pa t mete l sou yon ajanda.<br data-start=\"673\" data-end=\"676\" \/><strong data-start=\"676\" data-end=\"687\">Sitiyasyon:\u00a0<span style=\"color: #ff0000;\">Echwe<\/span><\/strong>.<\/p><p data-start=\"132\" data-end=\"273\"><strong data-start=\"132\" data-end=\"273\"><span style=\"text-decoration: underline;\">Ent\u00e8diksyon Drapo Fy\u00e8te<\/span>SB 426 \/ HB 347 pa Senat\u00e8 <span class=\"hover:entity-accent entity-underline inline cursor-pointer align-baseline\"><span class=\"whitespace-normal\">Clay Yarborough<\/span><\/span> ak Reprezantan <span class=\"hover:entity-accent entity-underline inline cursor-pointer align-baseline\"><span class=\"whitespace-normal\">David Borrero<\/span><\/span><\/strong><\/p><p data-start=\"275\" data-end=\"790\">Yo te reentwodui pwoj\u00e8 lwa sa a pou katriy\u00e8m ane konsekitif, san yo pa adrese defisyans konstitisyon\u00e8l ke anplwaye yo te note nan sesyon lejislatif anvan yo. Se te yon ef\u00f2 tw\u00f2p pou refize vizibilite LGBTQ, menm jan yo te chire pasaj pyeton lakansy\u00e8l devan Pulse ak l\u00f2t miray nan lari toupatou nan eta a, sa ki te pwovoke yon gwo reyaksyon lokal. Pwoj\u00e8 lwa a te radikal\u2014li te ent\u00e8di nenp\u00f2t ekspozisyon oswa reprezantasyon yon drapo lakansy\u00e8l sou pwopriyete gouv\u00e8nman an, soti nan yon peny rive nan yon tas kafe, jan moun ki te prezante pwoj\u00e8 lwa a te di a.<\/p><p data-start=\"792\" data-end=\"868\">Defans\u00e8 yo te ankouraje elekt\u00e8 yo pou yo kontakte lejislat\u00e8 yo pou yo opoze pwoj\u00e8 lwa sa a.<\/p><p data-start=\"870\" data-end=\"954\"><strong data-start=\"870\" data-end=\"880\">Kay:<\/strong> Pa te mete sou yon ajanda.<br data-start=\"909\" data-end=\"912\" \/><strong data-start=\"912\" data-end=\"923\">Sena a:<\/strong> Pa te mete sou yon ajanda.<br data-start=\"673\" data-end=\"676\" \/><strong data-start=\"676\" data-end=\"687\">Sitiyasyon:\u00a0<span style=\"color: #ff0000;\">Echwe<\/span><\/strong>.<\/p><p data-start=\"3420\" data-end=\"3569\"><strong data-start=\"3420\" data-end=\"3569\"><span style=\"text-decoration: underline;\">Ekspansyon Ent\u00e8diksyon Liv<\/span>SB 1692 \/ HB 1119 pa Senat\u00e8 <span class=\"hover:entity-accent entity-underline inline cursor-pointer align-baseline\"><span class=\"whitespace-normal\">Stan McClain<\/span><\/span> ak Reprezantan <span class=\"hover:entity-accent entity-underline inline cursor-pointer align-baseline\"><span class=\"whitespace-normal\">Doug Bankson<\/span><\/span><\/strong><\/p><p data-start=\"3571\" data-end=\"3775\">Pwoj\u00e8 lwa sa a ta elaji ent\u00e8diksyon ak sansi liv nan lek\u00f2l K-12 nan Florid l\u00e8 li te abandone yon estanda konstitisyon\u00e8l ki la depi lontan, sa ki ta f\u00e8 li pi fasil pou konteste epi retire matery\u00e8l edikasyon\u00e8l yo.<\/p><p data-start=\"3777\" data-end=\"3852\"><a href=\"https:\/\/act.eqfl.org\/a\/2026-book-ban-expansion-full-house\">Defans\u00e8 yo te ankouraje elekt\u00e8 yo pou yo kontakte lejislat\u00e8 yo pou yo opoze pwoj\u00e8 lwa a.<\/a><\/p><p data-start=\"3854\" data-end=\"3960\"><strong data-start=\"3854\" data-end=\"3864\">Kay:<\/strong> Mwen pase devan tribinal la, <a href=\"https:\/\/www.flhouse.gov\/Sections\/Bills\/floorvote.aspx?VoteId=24404&amp;BillId=83820&amp;SessionId=113&amp;\">84 pou, 28 kont<\/a>.<br data-start=\"3915\" data-end=\"3918\" \/><strong data-start=\"3918\" data-end=\"3929\">Sena a:<\/strong> Pa te mete sou yon ajanda.<br data-start=\"673\" data-end=\"676\" \/><strong data-start=\"676\" data-end=\"687\">Sitiyasyon:\u00a0<span style=\"color: #ff0000;\">Echwe<\/span><\/strong>.<\/p><p data-start=\"778\" data-end=\"957\">\u00a0<\/p>\t\t\t\t\t\t\t\t<\/div>\n\t\t\t\t<\/div>\n\t\t\t\t\t<\/div>\n\t\t\t\t<\/div>\n\t\t<div class=\"elementor-element elementor-element-2ad3438 e-flex e-con-boxed e-con e-parent\" data-id=\"2ad3438\" data-element_type=\"container\" data-e-type=\"container\">\n\t\t\t\t\t<div class=\"e-con-inner\">\n\t\t\t\t<div class=\"elementor-element elementor-element-c461678 elementor-widget elementor-widget-text-editor\" data-id=\"c461678\" data-element_type=\"widget\" data-e-type=\"widget\" data-widget_type=\"text-editor.default\">\n\t\t\t\t<div class=\"elementor-widget-container\">\n\t\t\t\t\t\t\t\t\t<h4><strong>Move pwoj\u00e8 lwa ki te pase yo:<\/strong><\/h4><div><p data-start=\"984\" data-end=\"1131\"><strong data-start=\"984\" data-end=\"1131\"><span style=\"text-decoration: underline;\">Ent\u00e8di Aktivis<\/span>SB 1632 \/ HB 1471 pa Senat\u00e8 <span class=\"hover:entity-accent entity-underline inline cursor-pointer align-baseline\"><span class=\"whitespace-normal\">Erin Grall<\/span><\/span> ak Reprezantan <span class=\"hover:entity-accent entity-underline inline cursor-pointer align-baseline\"><span class=\"whitespace-normal\">Hillary Cassel<\/span><\/span><\/strong><\/p><p data-start=\"1133\" data-end=\"1434\">Pwoj\u00e8 lwa sa a te kreye yon nouvo deziyasyon vag &quot;\u00f2ganizasyon teworis domestik&quot; pou \u00f2ganizasyon ki angaje nan aktivite swadizan danjere ki gen entansyon &quot;f\u00f2se&quot; piblik la oswa enfliyanse politik gouv\u00e8nman an &quot;pa entimidasyon oswa presyon&quot;. Kalite sansi san restriksyon sa a te frape nan k\u00e8 demokrasi a.<\/p><p data-start=\"1436\" data-end=\"1577\"><a href=\"https:\/\/act.eqfl.org\/a\/2026-outlawing-activism-alert-2?\">Defans\u00e8 yo te ankouraje elekt\u00e8 yo pou yo pran aksyon av\u00e8k <span class=\"hover:entity-accent entity-underline inline cursor-pointer align-baseline\"><span class=\"whitespace-normal\">Egalite Florid<\/span><\/span> epi voye l\u00e8t bay lejislat\u00e8 yo pou opoze pwoj\u00e8 lwa a.<\/a><\/p><p data-start=\"1579\" data-end=\"1786\"><strong data-start=\"1579\" data-end=\"1589\">Kay:<\/strong> Mwen pase devan tribinal la, <a href=\"https:\/\/www.flhouse.gov\/Sections\/Bills\/floorvote.aspx?VoteId=24668&amp;BillId=84224&amp;SessionId=113&amp;\">81 pou, 26 kont<\/a>.<br data-start=\"1638\" data-end=\"1641\" \/><strong data-start=\"1641\" data-end=\"1652\">Sena a:<\/strong> Yon l\u00f2t v\u00e8syon te pase nan Sena a, <a href=\"https:\/\/flsenate.gov\/Session\/Bill\/2026\/1471\/Vote\/SenateVote_h01471c2033.PDF\">25 pou, 11 kont<\/a>; li te retounen nan Chanm lan epi li te pase <a href=\"https:\/\/www.flhouse.gov\/Sections\/Bills\/floorvote.aspx?VoteId=25068&amp;BillId=84224&amp;SessionId=113&amp;\">80 pou, 25 kont<\/a>.<\/p><p data-start=\"1788\" data-end=\"1843\"><strong data-start=\"1788\" data-end=\"1799\">Sitiyasyon: <span style=\"color: #008000;\">Pase<\/span><\/strong>.<\/p><p data-start=\"1850\" data-end=\"2013\"><strong data-start=\"1850\" data-end=\"2013\"><span style=\"text-decoration: underline;\">Kont Div\u00e8site nan Gouv\u00e8nman Lokal la<\/span>SB 1134 \/ HB 1001 pa Senat\u00e8 <span class=\"hover:entity-accent entity-underline inline cursor-pointer align-baseline\"><span class=\"whitespace-normal\">Clay Yarborough<\/span><\/span> ak Reprezantan <span class=\"hover:entity-accent entity-underline inline cursor-pointer align-baseline\"><span class=\"whitespace-normal\">Dean Black<\/span><\/span><\/strong><\/p><p data-start=\"2015\" data-end=\"2472\">Pwoj\u00e8 lwa sa a te itilize leta a k\u00f2m yon mato pou anpeche vil yo ak konte yo pran nenp\u00f2t aksyon ki rekon\u00e8t oswa reponn a diferans ki baze sou ras, s\u00e8ks, etnisite, idantite seksy\u00e8l, oswa oryantasyon seksy\u00e8l, sof k\u00e8k eksepsyon. Li te efektivman ent\u00e8di gouv\u00e8nman lokal yo pran aksyon tankou \u00f2ganize oswa sip\u00f2te Fy\u00e8te, ofri f\u00f2masyon konpetans kiltir\u00e8l LGBTQ+, rekon\u00e8t Mwa Istwa Nwa, oswa dirije pwogram biznis ki posede pa fanm ak minorite.<\/p><p data-start=\"2474\" data-end=\"2555\"><a href=\"https:\/\/act.eqfl.org\/a\/2026-anti-diversity-in-local-gov\">Defans\u00e8 yo te ankouraje elekt\u00e8 yo pou yo kontakte lejislat\u00e8 yo pou yo opoze pwoj\u00e8 lwa sa a.<\/a><\/p><p data-start=\"2557\" data-end=\"2682\"><strong data-start=\"2557\" data-end=\"2567\">Kay:<\/strong> Mwen pase devan tribinal la, <a href=\"https:\/\/www.flhouse.gov\/Sections\/Bills\/floorvote.aspx?VoteId=24892&amp;BillId=83667&amp;SessionId=113&amp;\">77 pou, 37 kont<\/a>.<br data-start=\"2616\" data-end=\"2619\" \/><strong data-start=\"2619\" data-end=\"2630\">Sena a:<\/strong> Li te pase nan tribinal Sena a, <a href=\"https:\/\/flsenate.gov\/Session\/Bill\/2026\/1134\/Vote\/SenateVote_s01134c2034.PDF\">25 pou, 11 kont<\/a>.<\/p><p data-start=\"2557\" data-end=\"2682\"><strong data-start=\"1788\" data-end=\"1799\">Sitiyasyon: <span style=\"color: #008000;\">Pase<\/span><\/strong>.<\/p><p data-start=\"2746\" data-end=\"2896\"><strong data-start=\"2746\" data-end=\"2896\"><span style=\"text-decoration: underline;\">Nouvo Bary\u00e8 pou V\u00f2t<\/span>SB 1334 \/ HB 991 pa Senat\u00e8 <span class=\"hover:entity-accent entity-underline inline cursor-pointer align-baseline\"><span class=\"whitespace-normal\">Erin Grall<\/span><\/span> ak Reprezantan <span class=\"hover:entity-accent entity-underline inline cursor-pointer align-baseline\"><span class=\"whitespace-normal\">Jenna Persons-Mulicka<\/span><\/span><\/strong><\/p><p data-start=\"2898\" data-end=\"3048\">Pwoj\u00e8 lwa sa a ta retire plizy\u00e8 milye sitwayen ameriken ki kalifye sou lis elekt\u00e8 yo epi anpeche sitwayen ki kalifye yo enskri pou vote.<\/p><p data-start=\"3050\" data-end=\"3143\"><a href=\"https:\/\/actionnetwork.org\/letters\/tell-florida-legislators-protect-our-right-to-vote?source=direct_link&amp;\">Defans\u00e8 yo te ankouraje elekt\u00e8 yo pou yo rele lejislat\u00e8 yo epi voye im\u00e8l pou yo opoze pwoj\u00e8 lwa a.<\/a><\/p><p data-start=\"3145\" data-end=\"3356\"><strong data-start=\"3145\" data-end=\"3155\">Kay:<\/strong> Mwen pase devan tribinal la, <a href=\"https:\/\/www.flhouse.gov\/Sections\/Bills\/floorvote.aspx?VoteId=24591&amp;BillId=83623&amp;SessionId=113&amp;\">83 pou, 31 kont<\/a>.<br data-start=\"3206\" data-end=\"3209\" \/><strong data-start=\"3209\" data-end=\"3220\">Sena a:<\/strong> Yon l\u00f2t v\u00e8syon te pase nan Sena a, <a href=\"https:\/\/floridareprofreedom.org\/ht\/2025\/07\/02\/sesyon-lejislatif\/#:~:text=27%20in%20support%2C%2012%20against\">27 pou, 12 kont<\/a>; li te retounen nan Chanm lan epi li te pase <a href=\"https:\/\/www.flhouse.gov\/Sections\/Bills\/floorvote.aspx?VoteId=25112&amp;BillId=83623&amp;&amp;\">77 pou, 28 kont<\/a>.<\/p><p data-start=\"1788\" data-end=\"1843\"><strong data-start=\"1788\" data-end=\"1799\">Sitiyasyon: <span style=\"color: #008000;\">Pase<\/span><\/strong>.<\/p><\/div>\t\t\t\t\t\t\t\t<\/div>\n\t\t\t\t<\/div>\n\t\t\t\t\t<\/div>\n\t\t\t\t<\/div>\n\t\t<div class=\"elementor-element elementor-element-2b5ed93 e-flex e-con-boxed e-con e-parent\" data-id=\"2b5ed93\" data-element_type=\"container\" data-e-type=\"container\">\n\t\t\t\t\t<div class=\"e-con-inner\">\n\t\t\t\t<div class=\"elementor-element elementor-element-b1cdc84 elementor-widget elementor-widget-text-editor\" data-id=\"b1cdc84\" data-element_type=\"widget\" data-e-type=\"widget\" data-widget_type=\"text-editor.default\">\n\t\t\t\t<div class=\"elementor-widget-container\">\n\t\t\t\t\t\t\t\t\t<h4><strong>Bon pwoj\u00e8 lwa nou te pase:<\/strong><\/h4><p data-start=\"97\" data-end=\"262\"><strong data-start=\"97\" data-end=\"262\"><span style=\"text-decoration: underline;\">Pwoj\u00e8 Lwa sou Baz Done pou Rech\u00e8ch sou Fibw\u00f2m nan Uterin<\/span>SB 196 \/ HB 327 pa Senat\u00e8 <span class=\"hover:entity-accent entity-underline inline cursor-pointer align-baseline\"><span class=\"whitespace-normal\">Rosalind Osgood Sharief<\/span><\/span> ak Reprezantan <span class=\"hover:entity-accent entity-underline inline cursor-pointer align-baseline\"><span class=\"whitespace-normal\">Lisa Dunkley<\/span><\/span><\/strong><\/p><p data-start=\"264\" data-end=\"393\">Pwoj\u00e8 lwa sa a ranf\u00f2se baz done rech\u00e8ch sou fibrom matris Florid la pou amelyore edikasyon ak konsyantizasyon piblik sou fibrom matris.<\/p><p data-start=\"395\" data-end=\"494\"><strong data-start=\"395\" data-end=\"405\">Kay:<\/strong> Chanm lan te pase l a l&#039;unanimit\u00e9.<br data-start=\"441\" data-end=\"444\" \/><strong data-start=\"444\" data-end=\"455\">Sena a:<\/strong> Li te pase nan plen sena a inanim.<\/p><p data-start=\"496\" data-end=\"551\"><strong data-start=\"496\" data-end=\"507\">Sitiyasyon:<\/strong> <span style=\"color: #008000;\"><strong>Pase<\/strong><\/span>.<\/p>\t\t\t\t\t\t\t\t<\/div>\n\t\t\t\t<\/div>\n\t\t\t\t\t<\/div>\n\t\t\t\t<\/div>\n\t\t<div class=\"elementor-element elementor-element-9d656d3 e-flex e-con-boxed e-con e-parent\" data-id=\"9d656d3\" data-element_type=\"container\" data-e-type=\"container\">\n\t\t\t\t\t<div class=\"e-con-inner\">\n\t\t\t\t<div class=\"elementor-element elementor-element-85a6786 elementor-widget elementor-widget-text-editor\" data-id=\"85a6786\" data-element_type=\"widget\" data-e-type=\"widget\" data-widget_type=\"text-editor.default\">\n\t\t\t\t<div class=\"elementor-widget-container\">\n\t\t\t\t\t\t\t\t\t<h4><strong>Pwoj\u00e8 lwa nou pral kontinye defann yo:<\/strong><\/h4><p data-start=\"558\" data-end=\"715\"><strong data-start=\"558\" data-end=\"715\">Lwa sou Lib\u00e8te Repwodiktif: SB 1308 \/ HB 1151 pa Senat\u00e8 <span class=\"hover:entity-accent entity-underline inline cursor-pointer align-baseline\"><span class=\"whitespace-normal\">Tracie Davis<\/span><\/span> ak Reprezantan <span class=\"hover:entity-accent entity-underline inline cursor-pointer align-baseline\"><span class=\"whitespace-normal\">Fentrice Driskell<\/span><\/span><\/strong><\/p><p data-start=\"717\" data-end=\"940\">Pwoj\u00e8 lwa sa a etabli dwa fondamantal pou swen sante repwodiktif, ki gen ladan l, men ki pa limite a, kontrasepsyon, esterilizasyon, swen prekonsepsyon, swen mat\u00e8nite, swen av\u00f2tman, planifikasyon familyal, ak s\u00e8vis f\u00e8tilite.<\/p><p data-start=\"942\" data-end=\"1021\"><a href=\"https:\/\/floridareprofreedom.org\/ht\/2025\/07\/02\/sesyon-lejislatif\/#:~:text=Tell%20your%20lawmakers%20to%20support%20this%20bill%20here.\">Defans\u00e8 yo te ankouraje elekt\u00e8 yo pou yo di lejislat\u00e8 yo pou yo sip\u00f2te pwoj\u00e8 lwa sa a.<\/a><\/p><p data-start=\"1023\" data-end=\"1107\"><strong data-start=\"1023\" data-end=\"1033\">Kay:<\/strong> Pa te mete sou yon ajanda.<br data-start=\"1062\" data-end=\"1065\" \/><strong data-start=\"1065\" data-end=\"1076\">Sena a:<\/strong> Pa te mete sou yon ajanda.<\/p><p data-start=\"1109\" data-end=\"1131\"><strong data-start=\"1109\" data-end=\"1120\">Sitiyasyon:<\/strong> <span style=\"color: #ff0000;\"><strong>Echwe<\/strong><\/span>.<\/p><p data-start=\"1138\" data-end=\"1277\">\u00a0<\/p><p data-start=\"1138\" data-end=\"1277\"><strong data-start=\"1138\" data-end=\"1277\"><span style=\"text-decoration: underline;\">Doula Bill<\/span>SB 1456 \/ HB 1043 pa Senat\u00e8 <span class=\"hover:entity-accent entity-underline inline cursor-pointer align-baseline\"><span class=\"whitespace-normal\">Rosalind Osgood<\/span><\/span> ak Reprezantan <span class=\"hover:entity-accent entity-underline inline cursor-pointer align-baseline\"><span class=\"whitespace-normal\">Ashley Gantt<\/span><\/span><\/strong><\/p><p data-start=\"1279\" data-end=\"1362\">Pwoj\u00e8 lwa sa a, ki te dwe f\u00e8t depi lontan, te etabli Pwogram Sip\u00f2 pou Devlopman F\u00f2s Travay Doula a.<\/p><p data-start=\"1364\" data-end=\"1448\"><strong data-start=\"1364\" data-end=\"1374\">Kay:<\/strong> Pa te mete sou yon ajanda.<br data-start=\"1403\" data-end=\"1406\" \/><strong data-start=\"1406\" data-end=\"1417\">Sena a:<\/strong> Pa te mete sou yon ajanda.<\/p><p data-start=\"1450\" data-end=\"1472\"><strong data-start=\"1450\" data-end=\"1461\">Sitiyasyon:<\/strong> <span style=\"color: #ff0000;\"><strong>Echwe<\/strong><\/span>.<\/p><p data-start=\"1479\" data-end=\"1640\">\u00a0<\/p><p data-start=\"1479\" data-end=\"1640\"><strong data-start=\"1479\" data-end=\"1640\"><span style=\"text-decoration: underline;\">Mete fen nan pwopagann finanse pa kontribyab yo<\/span>SB 242 \/ HB 6001 pa Senat\u00e8 <span class=\"hover:entity-accent entity-underline inline cursor-pointer align-baseline\"><span class=\"whitespace-normal\">Kristen Arrington<\/span><\/span> ak Reprezantan <span class=\"hover:entity-accent entity-underline inline cursor-pointer align-baseline\"><span class=\"whitespace-normal\">Kelly Skidmore<\/span><\/span><\/strong><\/p><p data-start=\"1642\" data-end=\"1957\">Pwoj\u00e8 lwa sa a te revoke Rezo Swen Gwos\u00e8s Florid la, ki te finanse sant anti-av\u00f2tman atrav\u00e8 eta a ak $29.5 milyon dola lajan kontribyab chak ane. Sant sa yo pa t gen estanda medikal oswa sekirite, yo pa t mare pa pwoteksyon vi prive (HIPAA), epi yo te egziste pou f\u00e8 moun k ap ch\u00e8che av\u00f2tman oswa kontrasepsyon wont.<\/p><p data-start=\"1959\" data-end=\"2109\"><a href=\"https:\/\/actionnetwork.org\/letters\/cosponsor-hb-6001sb-242\/\">Defans\u00e8 yo te ankouraje elekt\u00e8 yo pou voye mesaj bay lejislat\u00e8 yo pou sip\u00f2te pwoj\u00e8 lwa sa a epi pou ekri l\u00e8t bay edit\u00e8 jounal lokal yo.<\/a><\/p><p data-start=\"2111\" data-end=\"2195\"><strong data-start=\"2111\" data-end=\"2121\">Kay:<\/strong> Pa te mete sou yon ajanda.<br data-start=\"2150\" data-end=\"2153\" \/><strong data-start=\"2153\" data-end=\"2164\">Sena a:<\/strong> Pa te mete sou yon ajanda.<\/p><p data-start=\"2197\" data-end=\"2219\"><strong data-start=\"2197\" data-end=\"2208\">Sitiyasyon: <span style=\"color: #ff0000;\">Echwe<\/span><\/strong>.<\/p><p data-start=\"2226\" data-end=\"2389\">\u00a0<\/p><p data-start=\"2226\" data-end=\"2389\"><strong data-start=\"2226\" data-end=\"2389\"><span style=\"text-decoration: underline;\">Dwa Paran yo nan Edikasyon sou Sante<\/span>SB 1492 \/ HB 331 pa Senat\u00e8 <span class=\"hover:entity-accent entity-underline inline cursor-pointer align-baseline\"><span class=\"whitespace-normal\">Tracie Davis<\/span><\/span> ak Reprezantan <span class=\"hover:entity-accent entity-underline inline cursor-pointer align-baseline\"><span class=\"whitespace-normal\">Dianne Hart<\/span><\/span><\/strong><\/p><p data-start=\"2391\" data-end=\"2638\">Pwoj\u00e8 lwa sa a te rem\u00e8t pouvwa a kominote lokal yo, li te pwoteje dwa paran yo, epi li te asire ke el\u00e8v yo te resevwa edikasyon sou sante ki k\u00f2r\u00e8k sou plan medikal e ki apwopriye pou laj yo, pou adrese refi Depatman Edikasyon an pou apwouve matery\u00e8l distri a te soum\u00e8t yo.<\/p><p data-start=\"2640\" data-end=\"2786\"><a href=\"https:\/\/actionnetwork.org\/letters\/support-hb-331-and-sb-1492-to-protect-parental-rights-and-public-health?source=direct_link&amp;\">Defans\u00e8 yo ankouraje elekt\u00e8 yo pou ekri l\u00e8t pou sip\u00f2te pwoj\u00e8 lwa sa a.<\/a> epi <a href=\"https:\/\/docs.google.com\/document\/d\/1jYGPjb_jTsqq7NlJ7BUzQUaEthYh_g5xHW_VHEIJr2Q\/edit?usp=sharing\">jwenn aks\u00e8 a pwen diskisyon yo soti nan <span class=\"hover:entity-accent entity-underline inline cursor-pointer align-baseline\"><span class=\"whitespace-normal\">Prism<\/span><\/span><\/a>.<\/p><p data-start=\"2788\" data-end=\"2872\"><strong data-start=\"2788\" data-end=\"2798\">Kay:<\/strong> Pa te mete sou yon ajanda.<br data-start=\"2827\" data-end=\"2830\" \/><strong data-start=\"2830\" data-end=\"2841\">Sena a:<\/strong> Pa te mete sou yon ajanda.<\/p><p data-start=\"2788\" data-end=\"2872\"><strong data-start=\"2874\" data-end=\"2885\">Sitiyasyon: <span style=\"color: #ff0000;\">Echwe<\/span><\/strong>.<\/p>\t\t\t\t\t\t\t\t<\/div>\n\t\t\t\t<\/div>\n\t\t\t\t\t<\/div>\n\t\t\t\t<\/div>\n\t\t\t\t<section class=\"elementor-section elementor-top-section elementor-element elementor-element-4da7826 elementor-section-boxed elementor-section-height-default elementor-section-height-default\" data-id=\"4da7826\" data-element_type=\"section\" data-e-type=\"section\">\n\t\t\t\t\t\t<div class=\"elementor-container elementor-column-gap-default\">\n\t\t\t\t\t<div class=\"elementor-column elementor-col-100 elementor-top-column elementor-element elementor-element-de6861f\" data-id=\"de6861f\" data-element_type=\"column\" data-e-type=\"column\">\n\t\t\t<div class=\"elementor-widget-wrap\">\n\t\t\t\t\t\t\t<\/div>\n\t\t<\/div>\n\t\t\t\t\t<\/div>\n\t\t<\/section>\n\t\t\t\t<\/div>","protected":false},"excerpt":{"rendered":"<p>Yon rezime pwoj\u00e8 lwa pou sesyon lejislatif Florid la an 2026 ki gen enpak sou sante ak lib\u00e8te repwodiktif nou.<\/p>","protected":false},"author":7,"featured_media":0,"comment_status":"closed","ping_status":"closed","sticky":false,"template":"","format":"standard","meta":{"footnotes":""},"categories":[4],"tags":[],"class_list":["post-4099","post","type-post","status-publish","format-standard","hentry","category-news"],"yoast_head":"<!-- This site is optimized with the Yoast SEO plugin v27.4 - https:\/\/yoast.com\/product\/yoast-seo-wordpress\/ -->\n<title>Legislative Session 2026 - Floridians For Reproductive Freedom<\/title>\n<meta name=\"description\" content=\"A roundup of proposed bills for Florida&#039;s 2026 Legislative Session that impact abortion, our reproductive health, and freedom.\" \/>\n<meta name=\"robots\" content=\"index, follow, max-snippet:-1, max-image-preview:large, max-video-preview:-1\" \/>\n<link rel=\"canonical\" href=\"https:\/\/floridareprofreedom.org\/ht\/2025\/07\/02\/sesyon-lejislatif\/\" \/>\n<meta property=\"og:locale\" content=\"ht_HT\" \/>\n<meta property=\"og:type\" content=\"article\" \/>\n<meta property=\"og:title\" content=\"Legislative Session 2026 - Floridians For Reproductive Freedom\" \/>\n<meta property=\"og:description\" content=\"A roundup of proposed bills for Florida&#039;s 2026 Legislative Session that impact abortion, our reproductive health, and freedom.\" \/>\n<meta property=\"og:url\" content=\"https:\/\/floridareprofreedom.org\/ht\/2025\/07\/02\/sesyon-lejislatif\/\" \/>\n<meta property=\"og:site_name\" content=\"Floridians For Reproductive Freedom\" \/>\n<meta property=\"article:publisher\" content=\"https:\/\/www.facebook.com\/FloridaReproFreedom\/\" \/>\n<meta property=\"article:published_time\" content=\"2025-07-02T20:51:59+00:00\" \/>\n<meta property=\"article:modified_time\" content=\"2026-04-06T19:51:52+00:00\" \/>\n<meta property=\"og:image\" content=\"https:\/\/floridareprofreedom.org\/wp-content\/uploads\/2025\/04\/unnamed-2.jpg\" \/>\n\t<meta property=\"og:image:width\" content=\"2028\" \/>\n\t<meta property=\"og:image:height\" content=\"1197\" \/>\n\t<meta property=\"og:image:type\" content=\"image\/jpeg\" \/>\n<meta name=\"author\" content=\"Cheyenne Drews\" \/>\n<meta name=\"twitter:card\" content=\"summary_large_image\" \/>\n<meta name=\"twitter:creator\" content=\"@FLReproFreedom\" \/>\n<meta name=\"twitter:site\" content=\"@FLReproFreedom\" \/>\n<meta name=\"twitter:label1\" content=\"Written by\" \/>\n\t<meta name=\"twitter:data1\" content=\"Cheyenne Drews\" \/>\n\t<meta name=\"twitter:label2\" content=\"Est. reading time\" \/>\n\t<meta name=\"twitter:data2\" content=\"8 minutes\" \/>\n<script type=\"application\/ld+json\" class=\"yoast-schema-graph\">{\"@context\":\"https:\\\/\\\/schema.org\",\"@graph\":[{\"@type\":\"Article\",\"@id\":\"https:\\\/\\\/floridareprofreedom.org\\\/2025\\\/07\\\/02\\\/legislativesession\\\/#article\",\"isPartOf\":{\"@id\":\"https:\\\/\\\/floridareprofreedom.org\\\/2025\\\/07\\\/02\\\/legislativesession\\\/\"},\"author\":{\"name\":\"Cheyenne Drews\",\"@id\":\"https:\\\/\\\/floridareprofreedom.org\\\/#\\\/schema\\\/person\\\/8ccaa6b1a6d58f591e6484c448d2c462\"},\"headline\":\"Legislative Session 2026\",\"datePublished\":\"2025-07-02T20:51:59+00:00\",\"dateModified\":\"2026-04-06T19:51:52+00:00\",\"mainEntityOfPage\":{\"@id\":\"https:\\\/\\\/floridareprofreedom.org\\\/2025\\\/07\\\/02\\\/legislativesession\\\/\"},\"wordCount\":1621,\"publisher\":{\"@id\":\"https:\\\/\\\/floridareprofreedom.org\\\/#organization\"},\"image\":{\"@id\":\"https:\\\/\\\/floridareprofreedom.org\\\/2025\\\/07\\\/02\\\/legislativesession\\\/#primaryimage\"},\"thumbnailUrl\":\"https:\\\/\\\/floridareprofreedom.org\\\/wp-content\\\/uploads\\\/2025\\\/04\\\/unnamed-2-768x453.jpg\",\"articleSection\":[\"Latest News\"],\"inLanguage\":\"ht\"},{\"@type\":\"WebPage\",\"@id\":\"https:\\\/\\\/floridareprofreedom.org\\\/2025\\\/07\\\/02\\\/legislativesession\\\/\",\"url\":\"https:\\\/\\\/floridareprofreedom.org\\\/2025\\\/07\\\/02\\\/legislativesession\\\/\",\"name\":\"Legislative Session 2026 - Floridians For Reproductive Freedom\",\"isPartOf\":{\"@id\":\"https:\\\/\\\/floridareprofreedom.org\\\/#website\"},\"primaryImageOfPage\":{\"@id\":\"https:\\\/\\\/floridareprofreedom.org\\\/2025\\\/07\\\/02\\\/legislativesession\\\/#primaryimage\"},\"image\":{\"@id\":\"https:\\\/\\\/floridareprofreedom.org\\\/2025\\\/07\\\/02\\\/legislativesession\\\/#primaryimage\"},\"thumbnailUrl\":\"https:\\\/\\\/floridareprofreedom.org\\\/wp-content\\\/uploads\\\/2025\\\/04\\\/unnamed-2-768x453.jpg\",\"datePublished\":\"2025-07-02T20:51:59+00:00\",\"dateModified\":\"2026-04-06T19:51:52+00:00\",\"description\":\"A roundup of proposed bills for Florida's 2026 Legislative Session that impact abortion, our reproductive health, and freedom.\",\"breadcrumb\":{\"@id\":\"https:\\\/\\\/floridareprofreedom.org\\\/2025\\\/07\\\/02\\\/legislativesession\\\/#breadcrumb\"},\"inLanguage\":\"ht\",\"potentialAction\":[{\"@type\":\"ReadAction\",\"target\":[\"https:\\\/\\\/floridareprofreedom.org\\\/2025\\\/07\\\/02\\\/legislativesession\\\/\"]}]},{\"@type\":\"ImageObject\",\"inLanguage\":\"ht\",\"@id\":\"https:\\\/\\\/floridareprofreedom.org\\\/2025\\\/07\\\/02\\\/legislativesession\\\/#primaryimage\",\"url\":\"https:\\\/\\\/floridareprofreedom.org\\\/wp-content\\\/uploads\\\/2025\\\/04\\\/unnamed-2-768x453.jpg\",\"contentUrl\":\"https:\\\/\\\/floridareprofreedom.org\\\/wp-content\\\/uploads\\\/2025\\\/04\\\/unnamed-2-768x453.jpg\"},{\"@type\":\"BreadcrumbList\",\"@id\":\"https:\\\/\\\/floridareprofreedom.org\\\/2025\\\/07\\\/02\\\/legislativesession\\\/#breadcrumb\",\"itemListElement\":[{\"@type\":\"ListItem\",\"position\":1,\"name\":\"Home\",\"item\":\"https:\\\/\\\/floridareprofreedom.org\\\/\"},{\"@type\":\"ListItem\",\"position\":2,\"name\":\"Legislative Session 2026\"}]},{\"@type\":\"WebSite\",\"@id\":\"https:\\\/\\\/floridareprofreedom.org\\\/#website\",\"url\":\"https:\\\/\\\/floridareprofreedom.org\\\/\",\"name\":\"Floridians For Reproductive Freedom\",\"description\":\"Advocating for convenient, affordable, and safe access to reproductive health care, including abortion.\",\"publisher\":{\"@id\":\"https:\\\/\\\/floridareprofreedom.org\\\/#organization\"},\"potentialAction\":[{\"@type\":\"SearchAction\",\"target\":{\"@type\":\"EntryPoint\",\"urlTemplate\":\"https:\\\/\\\/floridareprofreedom.org\\\/?s={search_term_string}\"},\"query-input\":{\"@type\":\"PropertyValueSpecification\",\"valueRequired\":true,\"valueName\":\"search_term_string\"}}],\"inLanguage\":\"ht\"},{\"@type\":\"Organization\",\"@id\":\"https:\\\/\\\/floridareprofreedom.org\\\/#organization\",\"name\":\"Floridians for Reproductive Freedom\",\"url\":\"https:\\\/\\\/floridareprofreedom.org\\\/\",\"logo\":{\"@type\":\"ImageObject\",\"inLanguage\":\"ht\",\"@id\":\"https:\\\/\\\/floridareprofreedom.org\\\/#\\\/schema\\\/logo\\\/image\\\/\",\"url\":\"https:\\\/\\\/floridareprofreedom.org\\\/wp-content\\\/uploads\\\/2019\\\/05\\\/Untitled.jpg\",\"contentUrl\":\"https:\\\/\\\/floridareprofreedom.org\\\/wp-content\\\/uploads\\\/2019\\\/05\\\/Untitled.jpg\",\"width\":174,\"height\":180,\"caption\":\"Floridians for Reproductive Freedom\"},\"image\":{\"@id\":\"https:\\\/\\\/floridareprofreedom.org\\\/#\\\/schema\\\/logo\\\/image\\\/\"},\"sameAs\":[\"https:\\\/\\\/www.facebook.com\\\/FloridaReproFreedom\\\/\",\"https:\\\/\\\/x.com\\\/FLReproFreedom\",\"https:\\\/\\\/www.instagram.com\\\/floridareprofreedom\\\/\"]},{\"@type\":\"Person\",\"@id\":\"https:\\\/\\\/floridareprofreedom.org\\\/#\\\/schema\\\/person\\\/8ccaa6b1a6d58f591e6484c448d2c462\",\"name\":\"Cheyenne Drews\",\"image\":{\"@type\":\"ImageObject\",\"inLanguage\":\"ht\",\"@id\":\"https:\\\/\\\/secure.gravatar.com\\\/avatar\\\/ac3a7cb0020fb02d12485c636aee12352a8707e2259db7e3ab90418d59e83739?s=96&d=mm&r=g\",\"url\":\"https:\\\/\\\/secure.gravatar.com\\\/avatar\\\/ac3a7cb0020fb02d12485c636aee12352a8707e2259db7e3ab90418d59e83739?s=96&d=mm&r=g\",\"contentUrl\":\"https:\\\/\\\/secure.gravatar.com\\\/avatar\\\/ac3a7cb0020fb02d12485c636aee12352a8707e2259db7e3ab90418d59e83739?s=96&d=mm&r=g\",\"caption\":\"Cheyenne Drews\"},\"url\":\"https:\\\/\\\/floridareprofreedom.org\\\/ht\\\/author\\\/cheyenne\\\/\"}]}<\/script>\n<!-- \/ Yoast SEO plugin. -->","yoast_head_json":{"title":"Sesyon Lejislatif 2026 - Floridyen Pou Lib\u00e8te Repwodiktif","description":"Yon rezime pwoj\u00e8 lwa pou Sesyon Lejislatif 2026 Florid la ki gen enpak sou av\u00f2tman, sante repwodiktif nou, ak lib\u00e8te.","robots":{"index":"index","follow":"follow","max-snippet":"max-snippet:-1","max-image-preview":"max-image-preview:large","max-video-preview":"max-video-preview:-1"},"canonical":"https:\/\/floridareprofreedom.org\/ht\/2025\/07\/02\/sesyon-lejislatif\/","og_locale":"ht_HT","og_type":"article","og_title":"Legislative Session 2026 - Floridians For Reproductive Freedom","og_description":"A roundup of proposed bills for Florida's 2026 Legislative Session that impact abortion, our reproductive health, and freedom.","og_url":"https:\/\/floridareprofreedom.org\/ht\/2025\/07\/02\/sesyon-lejislatif\/","og_site_name":"Floridians For Reproductive Freedom","article_publisher":"https:\/\/www.facebook.com\/FloridaReproFreedom\/","article_published_time":"2025-07-02T20:51:59+00:00","article_modified_time":"2026-04-06T19:51:52+00:00","og_image":[{"width":2028,"height":1197,"url":"https:\/\/floridareprofreedom.org\/wp-content\/uploads\/2025\/04\/unnamed-2.jpg","type":"image\/jpeg"}],"author":"Cheyenne Drews","twitter_card":"summary_large_image","twitter_creator":"@FLReproFreedom","twitter_site":"@FLReproFreedom","twitter_misc":{"Written by":"Cheyenne Drews","Est. reading time":"8 minutes"},"schema":{"@context":"https:\/\/schema.org","@graph":[{"@type":"Article","@id":"https:\/\/floridareprofreedom.org\/2025\/07\/02\/legislativesession\/#article","isPartOf":{"@id":"https:\/\/floridareprofreedom.org\/2025\/07\/02\/legislativesession\/"},"author":{"name":"Cheyenne Drews","@id":"https:\/\/floridareprofreedom.org\/#\/schema\/person\/8ccaa6b1a6d58f591e6484c448d2c462"},"headline":"Legislative Session 2026","datePublished":"2025-07-02T20:51:59+00:00","dateModified":"2026-04-06T19:51:52+00:00","mainEntityOfPage":{"@id":"https:\/\/floridareprofreedom.org\/2025\/07\/02\/legislativesession\/"},"wordCount":1621,"publisher":{"@id":"https:\/\/floridareprofreedom.org\/#organization"},"image":{"@id":"https:\/\/floridareprofreedom.org\/2025\/07\/02\/legislativesession\/#primaryimage"},"thumbnailUrl":"https:\/\/floridareprofreedom.org\/wp-content\/uploads\/2025\/04\/unnamed-2-768x453.jpg","articleSection":["Latest News"],"inLanguage":"ht"},{"@type":"WebPage","@id":"https:\/\/floridareprofreedom.org\/2025\/07\/02\/legislativesession\/","url":"https:\/\/floridareprofreedom.org\/2025\/07\/02\/legislativesession\/","name":"Sesyon Lejislatif 2026 - Floridyen Pou Lib\u00e8te Repwodiktif","isPartOf":{"@id":"https:\/\/floridareprofreedom.org\/#website"},"primaryImageOfPage":{"@id":"https:\/\/floridareprofreedom.org\/2025\/07\/02\/legislativesession\/#primaryimage"},"image":{"@id":"https:\/\/floridareprofreedom.org\/2025\/07\/02\/legislativesession\/#primaryimage"},"thumbnailUrl":"https:\/\/floridareprofreedom.org\/wp-content\/uploads\/2025\/04\/unnamed-2-768x453.jpg","datePublished":"2025-07-02T20:51:59+00:00","dateModified":"2026-04-06T19:51:52+00:00","description":"Yon rezime pwoj\u00e8 lwa pou Sesyon Lejislatif 2026 Florid la ki gen enpak sou av\u00f2tman, sante repwodiktif nou, ak lib\u00e8te.","breadcrumb":{"@id":"https:\/\/floridareprofreedom.org\/2025\/07\/02\/legislativesession\/#breadcrumb"},"inLanguage":"ht","potentialAction":[{"@type":"ReadAction","target":["https:\/\/floridareprofreedom.org\/2025\/07\/02\/legislativesession\/"]}]},{"@type":"ImageObject","inLanguage":"ht","@id":"https:\/\/floridareprofreedom.org\/2025\/07\/02\/legislativesession\/#primaryimage","url":"https:\/\/floridareprofreedom.org\/wp-content\/uploads\/2025\/04\/unnamed-2-768x453.jpg","contentUrl":"https:\/\/floridareprofreedom.org\/wp-content\/uploads\/2025\/04\/unnamed-2-768x453.jpg"},{"@type":"BreadcrumbList","@id":"https:\/\/floridareprofreedom.org\/2025\/07\/02\/legislativesession\/#breadcrumb","itemListElement":[{"@type":"ListItem","position":1,"name":"Home","item":"https:\/\/floridareprofreedom.org\/"},{"@type":"ListItem","position":2,"name":"Legislative Session 2026"}]},{"@type":"WebSite","@id":"https:\/\/floridareprofreedom.org\/#website","url":"https:\/\/floridareprofreedom.org\/","name":"Floridyen pou lib\u00e8te repwodiktif","description":"Ap defann aks\u00e8 pratik, ab\u00f2dab, epi an sekirite a swen sante repwodiktif, tankou av\u00f2tman.","publisher":{"@id":"https:\/\/floridareprofreedom.org\/#organization"},"potentialAction":[{"@type":"SearchAction","target":{"@type":"EntryPoint","urlTemplate":"https:\/\/floridareprofreedom.org\/?s={search_term_string}"},"query-input":{"@type":"PropertyValueSpecification","valueRequired":true,"valueName":"search_term_string"}}],"inLanguage":"ht"},{"@type":"Organization","@id":"https:\/\/floridareprofreedom.org\/#organization","name":"Floridyen pou Lib\u00e8te Repwodiktif","url":"https:\/\/floridareprofreedom.org\/","logo":{"@type":"ImageObject","inLanguage":"ht","@id":"https:\/\/floridareprofreedom.org\/#\/schema\/logo\/image\/","url":"https:\/\/floridareprofreedom.org\/wp-content\/uploads\/2019\/05\/Untitled.jpg","contentUrl":"https:\/\/floridareprofreedom.org\/wp-content\/uploads\/2019\/05\/Untitled.jpg","width":174,"height":180,"caption":"Floridians for Reproductive Freedom"},"image":{"@id":"https:\/\/floridareprofreedom.org\/#\/schema\/logo\/image\/"},"sameAs":["https:\/\/www.facebook.com\/FloridaReproFreedom\/","https:\/\/x.com\/FLReproFreedom","https:\/\/www.instagram.com\/floridareprofreedom\/"]},{"@type":"Person","@id":"https:\/\/floridareprofreedom.org\/#\/schema\/person\/8ccaa6b1a6d58f591e6484c448d2c462","name":"Cheyenne Drews","image":{"@type":"ImageObject","inLanguage":"ht","@id":"https:\/\/secure.gravatar.com\/avatar\/ac3a7cb0020fb02d12485c636aee12352a8707e2259db7e3ab90418d59e83739?s=96&d=mm&r=g","url":"https:\/\/secure.gravatar.com\/avatar\/ac3a7cb0020fb02d12485c636aee12352a8707e2259db7e3ab90418d59e83739?s=96&d=mm&r=g","contentUrl":"https:\/\/secure.gravatar.com\/avatar\/ac3a7cb0020fb02d12485c636aee12352a8707e2259db7e3ab90418d59e83739?s=96&d=mm&r=g","caption":"Cheyenne Drews"},"url":"https:\/\/floridareprofreedom.org\/ht\/author\/cheyenne\/"}]}},"_links":{"self":[{"href":"https:\/\/floridareprofreedom.org\/ht\/wp-json\/wp\/v2\/posts\/4099","targetHints":{"allow":["GET"]}}],"collection":[{"href":"https:\/\/floridareprofreedom.org\/ht\/wp-json\/wp\/v2\/posts"}],"about":[{"href":"https:\/\/floridareprofreedom.org\/ht\/wp-json\/wp\/v2\/types\/post"}],"author":[{"embeddable":true,"href":"https:\/\/floridareprofreedom.org\/ht\/wp-json\/wp\/v2\/users\/7"}],"replies":[{"embeddable":true,"href":"https:\/\/floridareprofreedom.org\/ht\/wp-json\/wp\/v2\/comments?post=4099"}],"version-history":[{"count":308,"href":"https:\/\/floridareprofreedom.org\/ht\/wp-json\/wp\/v2\/posts\/4099\/revisions"}],"predecessor-version":[{"id":5122,"href":"https:\/\/floridareprofreedom.org\/ht\/wp-json\/wp\/v2\/posts\/4099\/revisions\/5122"}],"wp:attachment":[{"href":"https:\/\/floridareprofreedom.org\/ht\/wp-json\/wp\/v2\/media?parent=4099"}],"wp:term":[{"taxonomy":"category","embeddable":true,"href":"https:\/\/floridareprofreedom.org\/ht\/wp-json\/wp\/v2\/categories?post=4099"},{"taxonomy":"post_tag","embeddable":true,"href":"https:\/\/floridareprofreedom.org\/ht\/wp-json\/wp\/v2\/tags?post=4099"}],"curies":[{"name":"wp","href":"https:\/\/api.w.org\/{rel}","templated":true}]}}