{"id":681,"date":"2019-06-28T14:32:04","date_gmt":"2019-06-28T14:32:04","guid":{"rendered":"https:\/\/floridareprofreedom.org\/?p=681"},"modified":"2019-06-28T14:32:04","modified_gmt":"2019-06-28T14:32:04","slug":"rezime-14","status":"publish","type":"post","link":"https:\/\/floridareprofreedom.org\/ht\/2019\/06\/28\/roundup-14\/","title":{"rendered":"Rezime Nouv\u00e8l sou Dwa Repwodiktif \u2013 21\/06\/2019"},"content":{"rendered":"<p><a href=\"https:\/\/www.apnews.com\/34102f73ff45488da6b6ff453ffe19dc\">Demokrat yo an 2020 defann dwa av\u00f2tman av\u00e8k f\u00f2s nan fow\u00f2m nan.<\/a><br \/>\nPa Will Weissert<br \/>\nAssociated Press<br \/>\nVen kandida prezidansy\u00e8l Demokrat ki te patisipe nan yon fow\u00f2m Planned Parenthood samdi a te pwom\u00e8t pou defann dwa av\u00f2tman nan pr\u00e8ske nenp\u00f2t sikonstans pandan y ap inyore anpil nuans sou pwobl\u00e8m nan ki deja boulv\u00e8se pati yo anvan eleksyon 2020 an.<\/p>\n<p><a href=\"https:\/\/www.vox.com\/policy-and-politics\/2019\/6\/28\/18942612\/democratic-debate-june-2019-2020-kirsten-gillibrand\">Kirsten Gillibrand te bay opozan li yo yon leson istwa sou politik av\u00f2tman nan deba a.<\/a><br \/>\nPa Anna North<br \/>\nV\u00f2ks<br \/>\nAnpil kandida nan deba Demokrat sem\u00e8n sa a te pale sou lavni dwa av\u00f2tman nan Amerik. Men, Senat\u00e8 Kirsten Gillibrand te youn nan k\u00e8k moun ki te pale sou listwa a.<\/p>\n<p><a href=\"https:\/\/www.vox.com\/2019\/6\/26\/18760661\/democratic-debate-june-2019-2020-klobuchar-inslee\">Amy Klobuchar te domine Jay Inslee sou dwa av\u00f2tman nan deba Demokrat la.<\/a><br \/>\nPa Anna North<br \/>\nV\u00f2ks<br \/>\nGouv\u00e8n\u00e8 Jay Inslee te ka panse li t ap f\u00e8 anpil pwen ak elekt\u00e8 medam yo l\u00e8 li te chwazi t\u00e8t li k\u00f2m defans\u00e8 dwa av\u00f2tman ki pi kalifye sou s\u00e8n deba M\u00e8kredi swa a. Okontr\u00e8, li te louvri p\u00f2t la pou yon konpetit\u00e8 fi te f\u00e8 l desann nan yon l\u00f2t pozisyon.<\/p>\n<p><a href=\"https:\/\/www.cnbc.com\/2019\/06\/25\/joe-biden-will-have-to-defend-record-on-womens-rights-in-dem-debate.html\">Dosye Joe Biden sou kesyon fanm yo ta ka pran sant atansyon nan deba Demokrat la sem\u00e8n sa a.<\/a><br \/>\nPa Tucker Higgins<br \/>\nCNBC<br \/>\nJoe Biden te kapab f\u00e8 fas ak k\u00e8k kesyon dezagreyab sou dosye li sou fanm sem\u00e8n sa a nan premye deba prezidansy\u00e8l Demokrat yo.<\/p>\n<p><a href=\"https:\/\/floridapolitics.com\/archives\/299835-anti-abortion-group-poll-says-joe-bidens-flip-could-cost-him-in-general\">Sondaj gwoup anti-av\u00f2tman di chanjman pozisyon Joe Biden an ka koute l ch\u00e8 an jeneral.<\/a><br \/>\nPa Scott Powers<br \/>\nPolitik Florid<br \/>\nYon nouvo sondaj gwoup anti-av\u00f2tman Susan B. Anthony List la te komisyone montre chanjman pozisyon kandida prezidansy\u00e8l demokrat Joe Biden an kons\u00e8nan finansman federal pou av\u00f2tman an ta ka koute l v\u00f2t nan yon eleksyon jeneral.<\/p>\n<p><a href=\"https:\/\/www.snntv.com\/story\/40692301\/planned-parenthood-reacts-to-title-x-ruling\">Planifikasyon Familial reyaji sou desizyon Tit X la<\/a><br \/>\nPa Samantha Sonner<br \/>\nRezo Nouv\u00e8l Suncoast<br \/>\nPlanned Parenthoods atrav\u00e8 peyi a an danje pou p\u00e8di finansman akoz yon nouvo desizyon tribinal.<\/p>\n<p><a href=\"https:\/\/www.floridaphoenix.com\/blog\/gov-desantis-backs-law-allowing-expansion-of-questionable-health-insurance-policies\/\">Gouv\u00e8n\u00e8 DeSantis siyen yon lwa ki p\u00e8m\u00e8t elajisman polis asirans sante ki kesyonab yo.<\/a><br \/>\nPa Lloyd Dunkelberger<br \/>\nFlorid Phoenix<br \/>\nYon nouvo lwa Gouv\u00e8n\u00e8 Ron DeSantis te siyen sem\u00e8n sa a gen anpil chans pou elaji itilizasyon kontra asirans sante kout t\u00e8m ak pwoteksyon limite ki ka pa kouvri kondisyon medikal pre-egzistan.<\/p>\n<p><a href=\"https:\/\/health.wusf.usf.edu\/post\/medicaid-retroactive-eligibility-plan-approved#stream\/0\">Plan Elijibilite Retroaktif Medicaid Apwouve<\/a><br \/>\nPa Christine Sexton<br \/>\nS\u00e8vis Nouv\u00e8l Florid<br \/>\nYon mouvman pou elimine yon pery\u00f2d kalifikasyon retroaktif 90 jou pou Medicaid ap kontinye pou omwen yon l\u00f2t ane.<\/p>\n<p><a href=\"https:\/\/www.guttmacher.org\/article\/2019\/06\/states-lead-way-promoting-coverage-abortion-medicaid-and-private-insurance\">Eta yo pran devan nan pwomosyon pwoteksyon av\u00f2tman nan Medicaid ak asirans prive.<\/a><br \/>\nPa Adam Sonfield ak Elizabeth Nash<br \/>\nEnstiti Guttmacher<br \/>\nDefans\u00e8 ak moun ki f\u00e8 politik k ap travay pou asire ke tout moun ka peye yon av\u00f2tman te ranp\u00f2te yon seri viktwa enp\u00f2tan nan k\u00e8k jou s\u00e8lman youn ak l\u00f2t:<\/p>\n<p><a href=\"https:\/\/www.gainesville.com\/news\/20190626\/planned-parenthood-offers-free-hiv-tests?fbclid=IwAR3r9RH-Xj6Xp-Re-CvnuqwufNnaVDBC1BS9belD2gX3PA6PdX-lW2tFBM0\">Planned Parenthood ofri t\u00e8s VIH gratis<\/a><br \/>\nRap\u00f2 Anplwaye yo<br \/>\nSol\u00e8y Gainesville<br \/>\nPlanned Parenthood pral make Jounen Nasyonal T\u00e8s VIH jedi a nan ofri t\u00e8s VIH gratis.<\/p>","protected":false},"excerpt":{"rendered":"<p>Chak vandredi, rezime nouv\u00e8l nou an ede defans\u00e8 dwa repwodiktif yo rete okouran de pi gwo nouv\u00e8l sou repwodiksyon ki soti nan Florid ak nan peyi a.<\/p>","protected":false},"author":3,"featured_media":0,"comment_status":"closed","ping_status":"closed","sticky":false,"template":"","format":"standard","meta":{"footnotes":""},"categories":[4],"tags":[],"class_list":["post-681","post","type-post","status-publish","format-standard","hentry","category-news"],"yoast_head":"<!-- This site is optimized with the Yoast SEO plugin v27.4 - https:\/\/yoast.com\/product\/yoast-seo-wordpress\/ -->\n<title>Reproductive Rights News Roundup - 6\/21\/2019 - Floridians For Reproductive Freedom<\/title>\n<meta name=\"robots\" content=\"index, follow, max-snippet:-1, max-image-preview:large, max-video-preview:-1\" \/>\n<link rel=\"canonical\" href=\"https:\/\/floridareprofreedom.org\/ht\/2019\/06\/28\/rezime-14\/\" \/>\n<meta property=\"og:locale\" content=\"ht_HT\" \/>\n<meta property=\"og:type\" content=\"article\" \/>\n<meta property=\"og:title\" content=\"Reproductive Rights News Roundup - 6\/21\/2019 - Floridians For Reproductive Freedom\" \/>\n<meta property=\"og:description\" content=\"Out every Friday, our news roundup helps reproductive rights advocates stay up to speed on the top repro stories out of Florida and the nation.\" \/>\n<meta property=\"og:url\" content=\"https:\/\/floridareprofreedom.org\/ht\/2019\/06\/28\/rezime-14\/\" \/>\n<meta property=\"og:site_name\" content=\"Floridians For Reproductive Freedom\" \/>\n<meta property=\"article:publisher\" content=\"https:\/\/www.facebook.com\/FloridaReproFreedom\/\" \/>\n<meta property=\"article:published_time\" content=\"2019-06-28T14:32:04+00:00\" \/>\n<meta name=\"author\" content=\"Amy Weintraub\" \/>\n<meta name=\"twitter:card\" content=\"summary_large_image\" \/>\n<meta name=\"twitter:creator\" content=\"@FLReproFreedom\" \/>\n<meta name=\"twitter:site\" content=\"@FLReproFreedom\" \/>\n<meta name=\"twitter:label1\" content=\"Written by\" \/>\n\t<meta name=\"twitter:data1\" content=\"Amy Weintraub\" \/>\n\t<meta name=\"twitter:label2\" content=\"Est. reading time\" \/>\n\t<meta name=\"twitter:data2\" content=\"2 minutes\" \/>\n<script type=\"application\/ld+json\" class=\"yoast-schema-graph\">{\"@context\":\"https:\\\/\\\/schema.org\",\"@graph\":[{\"@type\":\"Article\",\"@id\":\"https:\\\/\\\/floridareprofreedom.org\\\/2019\\\/06\\\/28\\\/roundup-14\\\/#article\",\"isPartOf\":{\"@id\":\"https:\\\/\\\/floridareprofreedom.org\\\/2019\\\/06\\\/28\\\/roundup-14\\\/\"},\"author\":{\"name\":\"Amy Weintraub\",\"@id\":\"https:\\\/\\\/floridareprofreedom.org\\\/#\\\/schema\\\/person\\\/06cd4e7049bee74dc9bebadc0402516c\"},\"headline\":\"Reproductive Rights News Roundup &#8211; 6\\\/21\\\/2019\",\"datePublished\":\"2019-06-28T14:32:04+00:00\",\"mainEntityOfPage\":{\"@id\":\"https:\\\/\\\/floridareprofreedom.org\\\/2019\\\/06\\\/28\\\/roundup-14\\\/\"},\"wordCount\":434,\"publisher\":{\"@id\":\"https:\\\/\\\/floridareprofreedom.org\\\/#organization\"},\"articleSection\":[\"Latest News\"],\"inLanguage\":\"ht\"},{\"@type\":\"WebPage\",\"@id\":\"https:\\\/\\\/floridareprofreedom.org\\\/2019\\\/06\\\/28\\\/roundup-14\\\/\",\"url\":\"https:\\\/\\\/floridareprofreedom.org\\\/2019\\\/06\\\/28\\\/roundup-14\\\/\",\"name\":\"Reproductive Rights News Roundup - 6\\\/21\\\/2019 - Floridians For Reproductive Freedom\",\"isPartOf\":{\"@id\":\"https:\\\/\\\/floridareprofreedom.org\\\/#website\"},\"datePublished\":\"2019-06-28T14:32:04+00:00\",\"breadcrumb\":{\"@id\":\"https:\\\/\\\/floridareprofreedom.org\\\/2019\\\/06\\\/28\\\/roundup-14\\\/#breadcrumb\"},\"inLanguage\":\"ht\",\"potentialAction\":[{\"@type\":\"ReadAction\",\"target\":[\"https:\\\/\\\/floridareprofreedom.org\\\/2019\\\/06\\\/28\\\/roundup-14\\\/\"]}]},{\"@type\":\"BreadcrumbList\",\"@id\":\"https:\\\/\\\/floridareprofreedom.org\\\/2019\\\/06\\\/28\\\/roundup-14\\\/#breadcrumb\",\"itemListElement\":[{\"@type\":\"ListItem\",\"position\":1,\"name\":\"Home\",\"item\":\"https:\\\/\\\/floridareprofreedom.org\\\/\"},{\"@type\":\"ListItem\",\"position\":2,\"name\":\"Reproductive Rights News Roundup &#8211; 6\\\/21\\\/2019\"}]},{\"@type\":\"WebSite\",\"@id\":\"https:\\\/\\\/floridareprofreedom.org\\\/#website\",\"url\":\"https:\\\/\\\/floridareprofreedom.org\\\/\",\"name\":\"Floridians For Reproductive Freedom\",\"description\":\"Advocating for convenient, affordable, and safe access to reproductive health care, including abortion.\",\"publisher\":{\"@id\":\"https:\\\/\\\/floridareprofreedom.org\\\/#organization\"},\"potentialAction\":[{\"@type\":\"SearchAction\",\"target\":{\"@type\":\"EntryPoint\",\"urlTemplate\":\"https:\\\/\\\/floridareprofreedom.org\\\/?s={search_term_string}\"},\"query-input\":{\"@type\":\"PropertyValueSpecification\",\"valueRequired\":true,\"valueName\":\"search_term_string\"}}],\"inLanguage\":\"ht\"},{\"@type\":\"Organization\",\"@id\":\"https:\\\/\\\/floridareprofreedom.org\\\/#organization\",\"name\":\"Floridians for Reproductive Freedom\",\"url\":\"https:\\\/\\\/floridareprofreedom.org\\\/\",\"logo\":{\"@type\":\"ImageObject\",\"inLanguage\":\"ht\",\"@id\":\"https:\\\/\\\/floridareprofreedom.org\\\/#\\\/schema\\\/logo\\\/image\\\/\",\"url\":\"https:\\\/\\\/floridareprofreedom.org\\\/wp-content\\\/uploads\\\/2019\\\/05\\\/Untitled.jpg\",\"contentUrl\":\"https:\\\/\\\/floridareprofreedom.org\\\/wp-content\\\/uploads\\\/2019\\\/05\\\/Untitled.jpg\",\"width\":174,\"height\":180,\"caption\":\"Floridians for Reproductive Freedom\"},\"image\":{\"@id\":\"https:\\\/\\\/floridareprofreedom.org\\\/#\\\/schema\\\/logo\\\/image\\\/\"},\"sameAs\":[\"https:\\\/\\\/www.facebook.com\\\/FloridaReproFreedom\\\/\",\"https:\\\/\\\/x.com\\\/FLReproFreedom\",\"https:\\\/\\\/www.instagram.com\\\/floridareprofreedom\\\/\"]},{\"@type\":\"Person\",\"@id\":\"https:\\\/\\\/floridareprofreedom.org\\\/#\\\/schema\\\/person\\\/06cd4e7049bee74dc9bebadc0402516c\",\"name\":\"Amy Weintraub\",\"image\":{\"@type\":\"ImageObject\",\"inLanguage\":\"ht\",\"@id\":\"https:\\\/\\\/secure.gravatar.com\\\/avatar\\\/9a483688fae75a6f730c9b85f0823a5e6a6859914ce3f03840bc17f320ab460b?s=96&d=mm&r=g\",\"url\":\"https:\\\/\\\/secure.gravatar.com\\\/avatar\\\/9a483688fae75a6f730c9b85f0823a5e6a6859914ce3f03840bc17f320ab460b?s=96&d=mm&r=g\",\"contentUrl\":\"https:\\\/\\\/secure.gravatar.com\\\/avatar\\\/9a483688fae75a6f730c9b85f0823a5e6a6859914ce3f03840bc17f320ab460b?s=96&d=mm&r=g\",\"caption\":\"Amy Weintraub\"},\"url\":\"https:\\\/\\\/floridareprofreedom.org\\\/ht\\\/author\\\/amy-weintraub\\\/\"}]}<\/script>\n<!-- \/ Yoast SEO plugin. -->","yoast_head_json":{"title":"Rezime Nouv\u00e8l sou Dwa Repwodiktif - 21\/06\/2019 - Floridyen Pou Lib\u00e8te Repwodiktif","robots":{"index":"index","follow":"follow","max-snippet":"max-snippet:-1","max-image-preview":"max-image-preview:large","max-video-preview":"max-video-preview:-1"},"canonical":"https:\/\/floridareprofreedom.org\/ht\/2019\/06\/28\/rezime-14\/","og_locale":"ht_HT","og_type":"article","og_title":"Reproductive Rights News Roundup - 6\/21\/2019 - Floridians For Reproductive Freedom","og_description":"Out every Friday, our news roundup helps reproductive rights advocates stay up to speed on the top repro stories out of Florida and the nation.","og_url":"https:\/\/floridareprofreedom.org\/ht\/2019\/06\/28\/rezime-14\/","og_site_name":"Floridians For Reproductive Freedom","article_publisher":"https:\/\/www.facebook.com\/FloridaReproFreedom\/","article_published_time":"2019-06-28T14:32:04+00:00","author":"Amy Weintraub","twitter_card":"summary_large_image","twitter_creator":"@FLReproFreedom","twitter_site":"@FLReproFreedom","twitter_misc":{"Written by":"Amy Weintraub","Est. reading time":"2 minutes"},"schema":{"@context":"https:\/\/schema.org","@graph":[{"@type":"Article","@id":"https:\/\/floridareprofreedom.org\/2019\/06\/28\/roundup-14\/#article","isPartOf":{"@id":"https:\/\/floridareprofreedom.org\/2019\/06\/28\/roundup-14\/"},"author":{"name":"Amy Weintraub","@id":"https:\/\/floridareprofreedom.org\/#\/schema\/person\/06cd4e7049bee74dc9bebadc0402516c"},"headline":"Reproductive Rights News Roundup &#8211; 6\/21\/2019","datePublished":"2019-06-28T14:32:04+00:00","mainEntityOfPage":{"@id":"https:\/\/floridareprofreedom.org\/2019\/06\/28\/roundup-14\/"},"wordCount":434,"publisher":{"@id":"https:\/\/floridareprofreedom.org\/#organization"},"articleSection":["Latest News"],"inLanguage":"ht"},{"@type":"WebPage","@id":"https:\/\/floridareprofreedom.org\/2019\/06\/28\/roundup-14\/","url":"https:\/\/floridareprofreedom.org\/2019\/06\/28\/roundup-14\/","name":"Rezime Nouv\u00e8l sou Dwa Repwodiktif - 21\/06\/2019 - Floridyen Pou Lib\u00e8te Repwodiktif","isPartOf":{"@id":"https:\/\/floridareprofreedom.org\/#website"},"datePublished":"2019-06-28T14:32:04+00:00","breadcrumb":{"@id":"https:\/\/floridareprofreedom.org\/2019\/06\/28\/roundup-14\/#breadcrumb"},"inLanguage":"ht","potentialAction":[{"@type":"ReadAction","target":["https:\/\/floridareprofreedom.org\/2019\/06\/28\/roundup-14\/"]}]},{"@type":"BreadcrumbList","@id":"https:\/\/floridareprofreedom.org\/2019\/06\/28\/roundup-14\/#breadcrumb","itemListElement":[{"@type":"ListItem","position":1,"name":"Home","item":"https:\/\/floridareprofreedom.org\/"},{"@type":"ListItem","position":2,"name":"Reproductive Rights News Roundup &#8211; 6\/21\/2019"}]},{"@type":"WebSite","@id":"https:\/\/floridareprofreedom.org\/#website","url":"https:\/\/floridareprofreedom.org\/","name":"Floridyen pou lib\u00e8te repwodiktif","description":"Ap defann aks\u00e8 pratik, ab\u00f2dab, epi an sekirite a swen sante repwodiktif, tankou av\u00f2tman.","publisher":{"@id":"https:\/\/floridareprofreedom.org\/#organization"},"potentialAction":[{"@type":"SearchAction","target":{"@type":"EntryPoint","urlTemplate":"https:\/\/floridareprofreedom.org\/?s={search_term_string}"},"query-input":{"@type":"PropertyValueSpecification","valueRequired":true,"valueName":"search_term_string"}}],"inLanguage":"ht"},{"@type":"Organization","@id":"https:\/\/floridareprofreedom.org\/#organization","name":"Floridyen pou Lib\u00e8te Repwodiktif","url":"https:\/\/floridareprofreedom.org\/","logo":{"@type":"ImageObject","inLanguage":"ht","@id":"https:\/\/floridareprofreedom.org\/#\/schema\/logo\/image\/","url":"https:\/\/floridareprofreedom.org\/wp-content\/uploads\/2019\/05\/Untitled.jpg","contentUrl":"https:\/\/floridareprofreedom.org\/wp-content\/uploads\/2019\/05\/Untitled.jpg","width":174,"height":180,"caption":"Floridians for Reproductive Freedom"},"image":{"@id":"https:\/\/floridareprofreedom.org\/#\/schema\/logo\/image\/"},"sameAs":["https:\/\/www.facebook.com\/FloridaReproFreedom\/","https:\/\/x.com\/FLReproFreedom","https:\/\/www.instagram.com\/floridareprofreedom\/"]},{"@type":"Person","@id":"https:\/\/floridareprofreedom.org\/#\/schema\/person\/06cd4e7049bee74dc9bebadc0402516c","name":"Amy Weintraub","image":{"@type":"ImageObject","inLanguage":"ht","@id":"https:\/\/secure.gravatar.com\/avatar\/9a483688fae75a6f730c9b85f0823a5e6a6859914ce3f03840bc17f320ab460b?s=96&d=mm&r=g","url":"https:\/\/secure.gravatar.com\/avatar\/9a483688fae75a6f730c9b85f0823a5e6a6859914ce3f03840bc17f320ab460b?s=96&d=mm&r=g","contentUrl":"https:\/\/secure.gravatar.com\/avatar\/9a483688fae75a6f730c9b85f0823a5e6a6859914ce3f03840bc17f320ab460b?s=96&d=mm&r=g","caption":"Amy Weintraub"},"url":"https:\/\/floridareprofreedom.org\/ht\/author\/amy-weintraub\/"}]}},"_links":{"self":[{"href":"https:\/\/floridareprofreedom.org\/ht\/wp-json\/wp\/v2\/posts\/681","targetHints":{"allow":["GET"]}}],"collection":[{"href":"https:\/\/floridareprofreedom.org\/ht\/wp-json\/wp\/v2\/posts"}],"about":[{"href":"https:\/\/floridareprofreedom.org\/ht\/wp-json\/wp\/v2\/types\/post"}],"author":[{"embeddable":true,"href":"https:\/\/floridareprofreedom.org\/ht\/wp-json\/wp\/v2\/users\/3"}],"replies":[{"embeddable":true,"href":"https:\/\/floridareprofreedom.org\/ht\/wp-json\/wp\/v2\/comments?post=681"}],"version-history":[{"count":1,"href":"https:\/\/floridareprofreedom.org\/ht\/wp-json\/wp\/v2\/posts\/681\/revisions"}],"predecessor-version":[{"id":682,"href":"https:\/\/floridareprofreedom.org\/ht\/wp-json\/wp\/v2\/posts\/681\/revisions\/682"}],"wp:attachment":[{"href":"https:\/\/floridareprofreedom.org\/ht\/wp-json\/wp\/v2\/media?parent=681"}],"wp:term":[{"taxonomy":"category","embeddable":true,"href":"https:\/\/floridareprofreedom.org\/ht\/wp-json\/wp\/v2\/categories?post=681"},{"taxonomy":"post_tag","embeddable":true,"href":"https:\/\/floridareprofreedom.org\/ht\/wp-json\/wp\/v2\/tags?post=681"}],"curies":[{"name":"wp","href":"https:\/\/api.w.org\/{rel}","templated":true}]}}