{"id":827,"date":"2019-11-22T15:49:41","date_gmt":"2019-11-22T15:49:41","guid":{"rendered":"https:\/\/floridareprofreedom.org\/?p=827"},"modified":"2019-11-22T15:49:41","modified_gmt":"2019-11-22T15:49:41","slug":"rezime-9-2","status":"publish","type":"post","link":"https:\/\/floridareprofreedom.org\/ht\/2019\/11\/22\/roundup-9-2\/","title":{"rendered":"Rezime Nouv\u00e8l sou Dwa Repwodiktif yo"},"content":{"rendered":"<p><a href=\"https:\/\/www.tampabay.com\/opinion\/2019\/11\/18\/no-child-should-be-forced-to-have-a-child-column\/\">Pa gen okenn timoun ki ta dwe f\u00f2se pou l gen yon pitit<\/a><br \/>\nPa Kara Gross<br \/>\nTampa Bay Times, <a href=\"https:\/\/www.floridaphoenix.com\/2019\/11\/21\/no-law-should-force-a-child-to-have-a-child-against-their-will-theres-no-greater-governmental-intrusion\/\">Florid Phoenix<\/a><br \/>\nSi ou panse li pa akseptab pou politisyen yo f\u00f2se timoun f\u00e8 pitit, ou ta dwe opoze pwoj\u00e8 lwa sa yo k ap deba nan Lejislati a \u2014 Pwoj\u00e8 Lwa Sena 404 ak Pwoj\u00e8 Lwa Chanm Reprezantan 265, ki te depoze pa Senat\u00e8 Kelli Stargel, R-Lakeland, ak Reprezantan Erin Grall, R-Vero Beach.<\/p>\n<p><a href=\"https:\/\/www.orlandosentinel.com\/opinion\/columnists\/os-op-florida-parental-consent-teen-abortion-20191115-mcorgughynfbhhaedu4rg4i5ay-story.html\">Gwos\u00e8s adolesan, av\u00f2tman ak konsantman paran yo... bagay lejislat\u00e8 Florid yo PA DWE deside.<\/a><br \/>\nPa Shannon Green<br \/>\nSantin\u00e8l Orlando<br \/>\nReprezantan Erin Grall ap priye pou Sena a adopte yon pwoj\u00e8 lwa ki ta ajoute bary\u00e8 pou yon adolesan k ap ch\u00e8che av\u00f2tman nan Florid an 2020. Grall kw\u00e8 li l\u00e8 pou &quot;mete paran yo tounen nan konv\u00e8sasyon sa a ak pitit fi yo.&quot; M ap priye pou Grall dis\u00e8ne diferans ki genyen ant paran yo ak donat\u00e8 selil yo.<\/p>\n<p><a href=\"https:\/\/rewire.news\/article\/2019\/11\/19\/florida-gops-anti-choice-legislation-hindered-but-not-stopped\/\">Lejislasyon kont dwa pou chwazi Pati Repibliken Florid la bloke, men li pa kanpe.<\/a><br \/>\nPa Rachel Wells<br \/>\nRewire.Nouv\u00e8l<br \/>\nLejislat\u00e8 Demokrat Florid yo ak aktivis etidyan yo te bloke yon pwoj\u00e8 lwa sou konsantman paran yo pou av\u00f2tman sem\u00e8n pase a l\u00e8 yo te ranvwaye yon v\u00f2t komite sena a pou omwen yon mwa.<\/p>\n<p><a href=\"https:\/\/www.wmnf.org\/florida-sex-education-abstinence-only-comprehensive\/\">Deba sou edikasyon seksy\u00e8l nan Florid: abstinans s\u00e8lman oswa konpl\u00e8?<\/a><br \/>\nPa Se\u00e1n Kinane<br \/>\nWMNF Tampa Bay<br \/>\nL\u00e8 el\u00e8v nan lek\u00f2l Florid yo ap resevwa ans\u00e8yman sou s\u00e8ks, \u00e8ske se nan yon pwogram edikasyon seksy\u00e8l konpl\u00e8 li ta dwe soti oubyen \u00e8ske se s\u00e8lman abstinans?<\/p>\n<p><a href=\"https:\/\/www.rollcall.com\/news\/campaigns\/womens-health-political-fights-heat-up-in-battleground-states\">Batay politik sou sante fanm yo ap chofe nan eta ki gen gwo batay yo.<\/a><br \/>\nPa Sandhya Raman<br \/>\nAp\u00e8l Nominal<br \/>\nBatay sou av\u00f2tman ak kontw\u00f2l nesans nan twa branch gouv\u00e8nman an ap alimante kanpay defans rek\u00f2 pa gwoup liberal ak kons\u00e8vat\u00e8 yo anvan eleksyon 2020 yo.<\/p>\n<p><a href=\"https:\/\/www.newsweek.com\/states-women-sue-harm-denied-abortion-1472626\">Men 26 eta kote fanm pa ka pouswiv tribinal si yo sibi domaj apre yo te refize f\u00e8 av\u00f2tman.<\/a><br \/>\nPa Kashmira Gander<br \/>\nNouv\u00e8l sem\u00e8n<br \/>\nYon etid revele ke pif\u00f2 eta ameriken yo ent\u00e8di fanm pou yo pouswiv founis\u00e8 swen sante si yo te sibi domaj apre yo te refize f\u00e8 av\u00f2tman ak\u00f2z lwa konsyans.<\/p>\n<p><a href=\"https:\/\/apnews.com\/d4f17c7ba5a147d5976d5e3bd140b8c4\">Planned Parenthood resevwa $2.3 milyon dola pou videyo sekr\u00e8.<\/a><br \/>\nPa Juliet Williams<br \/>\nAssociated Press<br \/>\nYon jiri federal te jwenn vandredi ke yon aktivis kont av\u00f2tman te anrejistre travay\u00e8 nan klinik Planned Parenthood an sekr\u00e8 ilegalman e li responsab pou vyolasyon lwa federal ak leta yo.<\/p>","protected":false},"excerpt":{"rendered":"<p>Chak vandredi, rezime nouv\u00e8l nou an ede defans\u00e8 dwa repwodiktif yo rete okouran de pi gwo nouv\u00e8l sou repwodiksyon ki soti nan Florid ak nan peyi a.<\/p>","protected":false},"author":3,"featured_media":0,"comment_status":"closed","ping_status":"closed","sticky":false,"template":"","format":"standard","meta":{"footnotes":""},"categories":[4],"tags":[],"class_list":["post-827","post","type-post","status-publish","format-standard","hentry","category-news"],"yoast_head":"<!-- This site is optimized with the Yoast SEO plugin v27.4 - https:\/\/yoast.com\/product\/yoast-seo-wordpress\/ -->\n<title>Reproductive Rights News Roundup - Floridians For Reproductive Freedom<\/title>\n<meta name=\"robots\" content=\"index, follow, max-snippet:-1, max-image-preview:large, max-video-preview:-1\" \/>\n<link rel=\"canonical\" href=\"https:\/\/floridareprofreedom.org\/ht\/2019\/11\/22\/rezime-9-2\/\" \/>\n<meta property=\"og:locale\" content=\"ht_HT\" \/>\n<meta property=\"og:type\" content=\"article\" \/>\n<meta property=\"og:title\" content=\"Reproductive Rights News Roundup - Floridians For Reproductive Freedom\" \/>\n<meta property=\"og:description\" content=\"Out every Friday, our news roundup helps reproductive rights advocates stay up to speed on the top repro stories out of Florida and the nation.\" \/>\n<meta property=\"og:url\" content=\"https:\/\/floridareprofreedom.org\/ht\/2019\/11\/22\/rezime-9-2\/\" \/>\n<meta property=\"og:site_name\" content=\"Floridians For Reproductive Freedom\" \/>\n<meta property=\"article:publisher\" content=\"https:\/\/www.facebook.com\/FloridaReproFreedom\/\" \/>\n<meta property=\"article:published_time\" content=\"2019-11-22T15:49:41+00:00\" \/>\n<meta name=\"author\" content=\"Amy Weintraub\" \/>\n<meta name=\"twitter:card\" content=\"summary_large_image\" \/>\n<meta name=\"twitter:creator\" content=\"@FLReproFreedom\" \/>\n<meta name=\"twitter:site\" content=\"@FLReproFreedom\" \/>\n<meta name=\"twitter:label1\" content=\"Written by\" \/>\n\t<meta name=\"twitter:data1\" content=\"Amy Weintraub\" \/>\n\t<meta name=\"twitter:label2\" content=\"Est. reading time\" \/>\n\t<meta name=\"twitter:data2\" content=\"2 minutes\" \/>\n<script type=\"application\/ld+json\" class=\"yoast-schema-graph\">{\"@context\":\"https:\\\/\\\/schema.org\",\"@graph\":[{\"@type\":\"Article\",\"@id\":\"https:\\\/\\\/floridareprofreedom.org\\\/2019\\\/11\\\/22\\\/roundup-9-2\\\/#article\",\"isPartOf\":{\"@id\":\"https:\\\/\\\/floridareprofreedom.org\\\/2019\\\/11\\\/22\\\/roundup-9-2\\\/\"},\"author\":{\"name\":\"Amy Weintraub\",\"@id\":\"https:\\\/\\\/floridareprofreedom.org\\\/#\\\/schema\\\/person\\\/06cd4e7049bee74dc9bebadc0402516c\"},\"headline\":\"Reproductive Rights News Roundup\",\"datePublished\":\"2019-11-22T15:49:41+00:00\",\"mainEntityOfPage\":{\"@id\":\"https:\\\/\\\/floridareprofreedom.org\\\/2019\\\/11\\\/22\\\/roundup-9-2\\\/\"},\"wordCount\":344,\"publisher\":{\"@id\":\"https:\\\/\\\/floridareprofreedom.org\\\/#organization\"},\"articleSection\":[\"Latest News\"],\"inLanguage\":\"ht\"},{\"@type\":\"WebPage\",\"@id\":\"https:\\\/\\\/floridareprofreedom.org\\\/2019\\\/11\\\/22\\\/roundup-9-2\\\/\",\"url\":\"https:\\\/\\\/floridareprofreedom.org\\\/2019\\\/11\\\/22\\\/roundup-9-2\\\/\",\"name\":\"Reproductive Rights News Roundup - Floridians For Reproductive Freedom\",\"isPartOf\":{\"@id\":\"https:\\\/\\\/floridareprofreedom.org\\\/#website\"},\"datePublished\":\"2019-11-22T15:49:41+00:00\",\"breadcrumb\":{\"@id\":\"https:\\\/\\\/floridareprofreedom.org\\\/2019\\\/11\\\/22\\\/roundup-9-2\\\/#breadcrumb\"},\"inLanguage\":\"ht\",\"potentialAction\":[{\"@type\":\"ReadAction\",\"target\":[\"https:\\\/\\\/floridareprofreedom.org\\\/2019\\\/11\\\/22\\\/roundup-9-2\\\/\"]}]},{\"@type\":\"BreadcrumbList\",\"@id\":\"https:\\\/\\\/floridareprofreedom.org\\\/2019\\\/11\\\/22\\\/roundup-9-2\\\/#breadcrumb\",\"itemListElement\":[{\"@type\":\"ListItem\",\"position\":1,\"name\":\"Home\",\"item\":\"https:\\\/\\\/floridareprofreedom.org\\\/\"},{\"@type\":\"ListItem\",\"position\":2,\"name\":\"Reproductive Rights News Roundup\"}]},{\"@type\":\"WebSite\",\"@id\":\"https:\\\/\\\/floridareprofreedom.org\\\/#website\",\"url\":\"https:\\\/\\\/floridareprofreedom.org\\\/\",\"name\":\"Floridians For Reproductive Freedom\",\"description\":\"Advocating for convenient, affordable, and safe access to reproductive health care, including abortion.\",\"publisher\":{\"@id\":\"https:\\\/\\\/floridareprofreedom.org\\\/#organization\"},\"potentialAction\":[{\"@type\":\"SearchAction\",\"target\":{\"@type\":\"EntryPoint\",\"urlTemplate\":\"https:\\\/\\\/floridareprofreedom.org\\\/?s={search_term_string}\"},\"query-input\":{\"@type\":\"PropertyValueSpecification\",\"valueRequired\":true,\"valueName\":\"search_term_string\"}}],\"inLanguage\":\"ht\"},{\"@type\":\"Organization\",\"@id\":\"https:\\\/\\\/floridareprofreedom.org\\\/#organization\",\"name\":\"Floridians for Reproductive Freedom\",\"url\":\"https:\\\/\\\/floridareprofreedom.org\\\/\",\"logo\":{\"@type\":\"ImageObject\",\"inLanguage\":\"ht\",\"@id\":\"https:\\\/\\\/floridareprofreedom.org\\\/#\\\/schema\\\/logo\\\/image\\\/\",\"url\":\"https:\\\/\\\/floridareprofreedom.org\\\/wp-content\\\/uploads\\\/2019\\\/05\\\/Untitled.jpg\",\"contentUrl\":\"https:\\\/\\\/floridareprofreedom.org\\\/wp-content\\\/uploads\\\/2019\\\/05\\\/Untitled.jpg\",\"width\":174,\"height\":180,\"caption\":\"Floridians for Reproductive Freedom\"},\"image\":{\"@id\":\"https:\\\/\\\/floridareprofreedom.org\\\/#\\\/schema\\\/logo\\\/image\\\/\"},\"sameAs\":[\"https:\\\/\\\/www.facebook.com\\\/FloridaReproFreedom\\\/\",\"https:\\\/\\\/x.com\\\/FLReproFreedom\",\"https:\\\/\\\/www.instagram.com\\\/floridareprofreedom\\\/\"]},{\"@type\":\"Person\",\"@id\":\"https:\\\/\\\/floridareprofreedom.org\\\/#\\\/schema\\\/person\\\/06cd4e7049bee74dc9bebadc0402516c\",\"name\":\"Amy Weintraub\",\"image\":{\"@type\":\"ImageObject\",\"inLanguage\":\"ht\",\"@id\":\"https:\\\/\\\/secure.gravatar.com\\\/avatar\\\/9a483688fae75a6f730c9b85f0823a5e6a6859914ce3f03840bc17f320ab460b?s=96&d=mm&r=g\",\"url\":\"https:\\\/\\\/secure.gravatar.com\\\/avatar\\\/9a483688fae75a6f730c9b85f0823a5e6a6859914ce3f03840bc17f320ab460b?s=96&d=mm&r=g\",\"contentUrl\":\"https:\\\/\\\/secure.gravatar.com\\\/avatar\\\/9a483688fae75a6f730c9b85f0823a5e6a6859914ce3f03840bc17f320ab460b?s=96&d=mm&r=g\",\"caption\":\"Amy Weintraub\"},\"url\":\"https:\\\/\\\/floridareprofreedom.org\\\/ht\\\/author\\\/amy-weintraub\\\/\"}]}<\/script>\n<!-- \/ Yoast SEO plugin. -->","yoast_head_json":{"title":"Rezime Nouv\u00e8l sou Dwa Repwodiktif - Floridyen Pou Lib\u00e8te Repwodiktif","robots":{"index":"index","follow":"follow","max-snippet":"max-snippet:-1","max-image-preview":"max-image-preview:large","max-video-preview":"max-video-preview:-1"},"canonical":"https:\/\/floridareprofreedom.org\/ht\/2019\/11\/22\/rezime-9-2\/","og_locale":"ht_HT","og_type":"article","og_title":"Reproductive Rights News Roundup - Floridians For Reproductive Freedom","og_description":"Out every Friday, our news roundup helps reproductive rights advocates stay up to speed on the top repro stories out of Florida and the nation.","og_url":"https:\/\/floridareprofreedom.org\/ht\/2019\/11\/22\/rezime-9-2\/","og_site_name":"Floridians For Reproductive Freedom","article_publisher":"https:\/\/www.facebook.com\/FloridaReproFreedom\/","article_published_time":"2019-11-22T15:49:41+00:00","author":"Amy Weintraub","twitter_card":"summary_large_image","twitter_creator":"@FLReproFreedom","twitter_site":"@FLReproFreedom","twitter_misc":{"Written by":"Amy Weintraub","Est. reading time":"2 minutes"},"schema":{"@context":"https:\/\/schema.org","@graph":[{"@type":"Article","@id":"https:\/\/floridareprofreedom.org\/2019\/11\/22\/roundup-9-2\/#article","isPartOf":{"@id":"https:\/\/floridareprofreedom.org\/2019\/11\/22\/roundup-9-2\/"},"author":{"name":"Amy Weintraub","@id":"https:\/\/floridareprofreedom.org\/#\/schema\/person\/06cd4e7049bee74dc9bebadc0402516c"},"headline":"Reproductive Rights News Roundup","datePublished":"2019-11-22T15:49:41+00:00","mainEntityOfPage":{"@id":"https:\/\/floridareprofreedom.org\/2019\/11\/22\/roundup-9-2\/"},"wordCount":344,"publisher":{"@id":"https:\/\/floridareprofreedom.org\/#organization"},"articleSection":["Latest News"],"inLanguage":"ht"},{"@type":"WebPage","@id":"https:\/\/floridareprofreedom.org\/2019\/11\/22\/roundup-9-2\/","url":"https:\/\/floridareprofreedom.org\/2019\/11\/22\/roundup-9-2\/","name":"Rezime Nouv\u00e8l sou Dwa Repwodiktif - Floridyen Pou Lib\u00e8te Repwodiktif","isPartOf":{"@id":"https:\/\/floridareprofreedom.org\/#website"},"datePublished":"2019-11-22T15:49:41+00:00","breadcrumb":{"@id":"https:\/\/floridareprofreedom.org\/2019\/11\/22\/roundup-9-2\/#breadcrumb"},"inLanguage":"ht","potentialAction":[{"@type":"ReadAction","target":["https:\/\/floridareprofreedom.org\/2019\/11\/22\/roundup-9-2\/"]}]},{"@type":"BreadcrumbList","@id":"https:\/\/floridareprofreedom.org\/2019\/11\/22\/roundup-9-2\/#breadcrumb","itemListElement":[{"@type":"ListItem","position":1,"name":"Home","item":"https:\/\/floridareprofreedom.org\/"},{"@type":"ListItem","position":2,"name":"Reproductive Rights News Roundup"}]},{"@type":"WebSite","@id":"https:\/\/floridareprofreedom.org\/#website","url":"https:\/\/floridareprofreedom.org\/","name":"Floridyen pou lib\u00e8te repwodiktif","description":"Ap defann aks\u00e8 pratik, ab\u00f2dab, epi an sekirite a swen sante repwodiktif, tankou av\u00f2tman.","publisher":{"@id":"https:\/\/floridareprofreedom.org\/#organization"},"potentialAction":[{"@type":"SearchAction","target":{"@type":"EntryPoint","urlTemplate":"https:\/\/floridareprofreedom.org\/?s={search_term_string}"},"query-input":{"@type":"PropertyValueSpecification","valueRequired":true,"valueName":"search_term_string"}}],"inLanguage":"ht"},{"@type":"Organization","@id":"https:\/\/floridareprofreedom.org\/#organization","name":"Floridyen pou Lib\u00e8te Repwodiktif","url":"https:\/\/floridareprofreedom.org\/","logo":{"@type":"ImageObject","inLanguage":"ht","@id":"https:\/\/floridareprofreedom.org\/#\/schema\/logo\/image\/","url":"https:\/\/floridareprofreedom.org\/wp-content\/uploads\/2019\/05\/Untitled.jpg","contentUrl":"https:\/\/floridareprofreedom.org\/wp-content\/uploads\/2019\/05\/Untitled.jpg","width":174,"height":180,"caption":"Floridians for Reproductive Freedom"},"image":{"@id":"https:\/\/floridareprofreedom.org\/#\/schema\/logo\/image\/"},"sameAs":["https:\/\/www.facebook.com\/FloridaReproFreedom\/","https:\/\/x.com\/FLReproFreedom","https:\/\/www.instagram.com\/floridareprofreedom\/"]},{"@type":"Person","@id":"https:\/\/floridareprofreedom.org\/#\/schema\/person\/06cd4e7049bee74dc9bebadc0402516c","name":"Amy Weintraub","image":{"@type":"ImageObject","inLanguage":"ht","@id":"https:\/\/secure.gravatar.com\/avatar\/9a483688fae75a6f730c9b85f0823a5e6a6859914ce3f03840bc17f320ab460b?s=96&d=mm&r=g","url":"https:\/\/secure.gravatar.com\/avatar\/9a483688fae75a6f730c9b85f0823a5e6a6859914ce3f03840bc17f320ab460b?s=96&d=mm&r=g","contentUrl":"https:\/\/secure.gravatar.com\/avatar\/9a483688fae75a6f730c9b85f0823a5e6a6859914ce3f03840bc17f320ab460b?s=96&d=mm&r=g","caption":"Amy Weintraub"},"url":"https:\/\/floridareprofreedom.org\/ht\/author\/amy-weintraub\/"}]}},"_links":{"self":[{"href":"https:\/\/floridareprofreedom.org\/ht\/wp-json\/wp\/v2\/posts\/827","targetHints":{"allow":["GET"]}}],"collection":[{"href":"https:\/\/floridareprofreedom.org\/ht\/wp-json\/wp\/v2\/posts"}],"about":[{"href":"https:\/\/floridareprofreedom.org\/ht\/wp-json\/wp\/v2\/types\/post"}],"author":[{"embeddable":true,"href":"https:\/\/floridareprofreedom.org\/ht\/wp-json\/wp\/v2\/users\/3"}],"replies":[{"embeddable":true,"href":"https:\/\/floridareprofreedom.org\/ht\/wp-json\/wp\/v2\/comments?post=827"}],"version-history":[{"count":1,"href":"https:\/\/floridareprofreedom.org\/ht\/wp-json\/wp\/v2\/posts\/827\/revisions"}],"predecessor-version":[{"id":828,"href":"https:\/\/floridareprofreedom.org\/ht\/wp-json\/wp\/v2\/posts\/827\/revisions\/828"}],"wp:attachment":[{"href":"https:\/\/floridareprofreedom.org\/ht\/wp-json\/wp\/v2\/media?parent=827"}],"wp:term":[{"taxonomy":"category","embeddable":true,"href":"https:\/\/floridareprofreedom.org\/ht\/wp-json\/wp\/v2\/categories?post=827"},{"taxonomy":"post_tag","embeddable":true,"href":"https:\/\/floridareprofreedom.org\/ht\/wp-json\/wp\/v2\/tags?post=827"}],"curies":[{"name":"wp","href":"https:\/\/api.w.org\/{rel}","templated":true}]}}