{"id":888,"date":"2020-01-03T15:32:06","date_gmt":"2020-01-03T15:32:06","guid":{"rendered":"https:\/\/floridareprofreedom.org\/?p=888"},"modified":"2020-01-03T15:32:06","modified_gmt":"2020-01-03T15:32:06","slug":"rezime-nouvel-sou-dwa-repwodiktif-13","status":"publish","type":"post","link":"https:\/\/floridareprofreedom.org\/ht\/2020\/01\/03\/reproductive-rights-news-roundup-13\/","title":{"rendered":"Rezime Nouv\u00e8l sou Dwa Repwodiktif yo"},"content":{"rendered":"<p><a href=\"https:\/\/rewire.news\/article\/2020\/01\/02\/its-happening-congressional-lawmakers-ask-supreme-court-to-end-legal-abortion\/\">Sa k ap pase: Lejislat\u00e8 Kongr\u00e8 a mande Lakou Sipr\u00e8m nan pou l mete fen nan av\u00f2tman legal.<\/a><br \/>\nPa Jessica Mason Pieklo<br \/>\nRewire.Nouv\u00e8l<br \/>\nPlis pase 200 manm Kongr\u00e8 a, ansanm ak pi gwo gwoup defans dwa av\u00f2tman Ozetazini, te depoze dokiman amicus curiae jedi pou mande Lakou Sipr\u00e8m Etazini an pou l itilize ka dwa av\u00f2tman prentan sa a pou l mete fen nan av\u00f2tman legal.<\/p>\n<p><a href=\"https:\/\/apnews.com\/8d3eb99934accc2ad795aca0183290a7\">Sondaj: Evanjelik blan yo diferan sou av\u00f2tman, politik LGBT<\/a><br \/>\nPa Elana Schor ak Emily Swanson<br \/>\nAssociated Press<br \/>\nDapre yon nouvo sondaj ki f\u00e8t ak Ameriken ki soti nan div\u00e8s orijin relijye, pwotestan evanjelik blan yo kanpe byen diferan de l\u00f2t moun relijye yo sou fason gouv\u00e8nman an ta dwe aji sou de nan pwobl\u00e8m ki pi divizif politikman an jw\u00e8t nan eleksyon prezidansy\u00e8l 2020 la.<\/p>\n<p><a href=\"https:\/\/www.tbnweekly.com\/pinellas_county\/article_f59b3794-2bf4-11ea-bf44-dbf5e82cd765.html\">Plizy\u00e8 &quot;bouch&quot; ap tann Lejislati Florid la pou yo ba yo manje.<\/a><br \/>\nPa Jerry Stockfisch ak John Guerra<br \/>\nJounal Tampa Bay yo<br \/>\n<em>Ekstr\u00e8:<\/em> Sa ki gen plis chans pou l vin pwobl\u00e8m ki pi kontwov\u00e8se nan sesyon an se akselerasyon li nan Chanm Reprezantan an, apre yo fin pase rapidman nan yon s\u00e8l komite. Chanm ki pi ba a te pase yon lejislasyon menm jan an ane pase, men li te bloke nan Sena a. Florid te gen yon lwa sou konsantman paran yo plizy\u00e8 diz\u00e8n ane de sa, men Lakou Sipr\u00e8m eta a te ranv\u00e8se l paske li te vyole dwa konstitisyon\u00e8l pou vi prive. Moun ki sip\u00f2te l yo kw\u00e8 tribinal akty\u00e8l la, ki pi kons\u00e8vatif, ta ka revize pwobl\u00e8m nan.<\/p>\n<p><a href=\"https:\/\/health.wusf.usf.edu\/post\/7-womens-health-topics-we-need-talk-about-2020#stream\/0\">7 sij\u00e8 sou sante fanm nou bezwen pale de yo an 2020<\/a><br \/>\nPa Emily Vaughn<br \/>\nWUSF Tampa<br \/>\nPandan deseni an ap chanje epi n ap konsidere eta sante fanm nan Amerik, kiy\u00e8s ki pi bon pou nou ale jwenn pase ot\u00e8 senk liv ki kraze tabou soti nan lane 2019 ki te ab\u00f2de pwobl\u00e8m ke plizy\u00e8 jenerasyon fanm pa t ap pale de yo, men ki bezwen pale de yo.<\/p>\n<p><a href=\"https:\/\/naples.floridaweekly.com\/articles\/women-march-to-win-event-on-in-naples-for-jan-18\/\">Ev\u00e8nman &#039;Fanm Mache Pou Genyen&#039; ap dewoule nan Naples pou 18 janvye<\/a><br \/>\nRap\u00f2 Anplwaye yo<br \/>\nNaples Florid chak sem\u00e8n<br \/>\nAne sa a, yon l\u00f2t fwa ank\u00f2, \u00f2ganizat\u00e8 kominot\u00e8 yo ap planifye yon mach ak yon selebrasyon pou komemore dwa fanm yo nan Cambier Park soti 9\u00e8 dimaten pou rive 2\u00e8 apr\u00e8midi samdi 18 janvye.<\/p>\n<p>&nbsp;<\/p>","protected":false},"excerpt":{"rendered":"<p>Chak vandredi, rezime nouv\u00e8l nou an ede defans\u00e8 dwa repwodiktif yo rete okouran de pi gwo nouv\u00e8l sou repwodiksyon ki soti nan Florid ak nan peyi a.<\/p>","protected":false},"author":3,"featured_media":0,"comment_status":"closed","ping_status":"closed","sticky":false,"template":"","format":"standard","meta":{"footnotes":""},"categories":[4],"tags":[],"class_list":["post-888","post","type-post","status-publish","format-standard","hentry","category-news"],"yoast_head":"<!-- This site is optimized with the Yoast SEO plugin v27.4 - https:\/\/yoast.com\/product\/yoast-seo-wordpress\/ -->\n<title>Reproductive Rights News Roundup - Floridians For Reproductive Freedom<\/title>\n<meta name=\"robots\" content=\"index, follow, max-snippet:-1, max-image-preview:large, max-video-preview:-1\" \/>\n<link rel=\"canonical\" href=\"https:\/\/floridareprofreedom.org\/ht\/2020\/01\/03\/rezime-nouvel-sou-dwa-repwodiktif-13\/\" \/>\n<meta property=\"og:locale\" content=\"ht_HT\" \/>\n<meta property=\"og:type\" content=\"article\" \/>\n<meta property=\"og:title\" content=\"Reproductive Rights News Roundup - Floridians For Reproductive Freedom\" \/>\n<meta property=\"og:description\" content=\"Out every Friday, our news roundup helps reproductive rights advocates stay up to speed on the top repro stories out of Florida and the nation.\" \/>\n<meta property=\"og:url\" content=\"https:\/\/floridareprofreedom.org\/ht\/2020\/01\/03\/rezime-nouvel-sou-dwa-repwodiktif-13\/\" \/>\n<meta property=\"og:site_name\" content=\"Floridians For Reproductive Freedom\" \/>\n<meta property=\"article:publisher\" content=\"https:\/\/www.facebook.com\/FloridaReproFreedom\/\" \/>\n<meta property=\"article:published_time\" content=\"2020-01-03T15:32:06+00:00\" \/>\n<meta name=\"author\" content=\"Amy Weintraub\" \/>\n<meta name=\"twitter:card\" content=\"summary_large_image\" \/>\n<meta name=\"twitter:creator\" content=\"@FLReproFreedom\" \/>\n<meta name=\"twitter:site\" content=\"@FLReproFreedom\" \/>\n<meta name=\"twitter:label1\" content=\"Written by\" \/>\n\t<meta name=\"twitter:data1\" content=\"Amy Weintraub\" \/>\n\t<meta name=\"twitter:label2\" content=\"Est. reading time\" \/>\n\t<meta name=\"twitter:data2\" content=\"2 minutes\" \/>\n<script type=\"application\/ld+json\" class=\"yoast-schema-graph\">{\"@context\":\"https:\\\/\\\/schema.org\",\"@graph\":[{\"@type\":\"Article\",\"@id\":\"https:\\\/\\\/floridareprofreedom.org\\\/2020\\\/01\\\/03\\\/reproductive-rights-news-roundup-13\\\/#article\",\"isPartOf\":{\"@id\":\"https:\\\/\\\/floridareprofreedom.org\\\/2020\\\/01\\\/03\\\/reproductive-rights-news-roundup-13\\\/\"},\"author\":{\"name\":\"Amy Weintraub\",\"@id\":\"https:\\\/\\\/floridareprofreedom.org\\\/#\\\/schema\\\/person\\\/06cd4e7049bee74dc9bebadc0402516c\"},\"headline\":\"Reproductive Rights News Roundup\",\"datePublished\":\"2020-01-03T15:32:06+00:00\",\"mainEntityOfPage\":{\"@id\":\"https:\\\/\\\/floridareprofreedom.org\\\/2020\\\/01\\\/03\\\/reproductive-rights-news-roundup-13\\\/\"},\"wordCount\":312,\"publisher\":{\"@id\":\"https:\\\/\\\/floridareprofreedom.org\\\/#organization\"},\"articleSection\":[\"Latest News\"],\"inLanguage\":\"ht\"},{\"@type\":\"WebPage\",\"@id\":\"https:\\\/\\\/floridareprofreedom.org\\\/2020\\\/01\\\/03\\\/reproductive-rights-news-roundup-13\\\/\",\"url\":\"https:\\\/\\\/floridareprofreedom.org\\\/2020\\\/01\\\/03\\\/reproductive-rights-news-roundup-13\\\/\",\"name\":\"Reproductive Rights News Roundup - Floridians For Reproductive Freedom\",\"isPartOf\":{\"@id\":\"https:\\\/\\\/floridareprofreedom.org\\\/#website\"},\"datePublished\":\"2020-01-03T15:32:06+00:00\",\"breadcrumb\":{\"@id\":\"https:\\\/\\\/floridareprofreedom.org\\\/2020\\\/01\\\/03\\\/reproductive-rights-news-roundup-13\\\/#breadcrumb\"},\"inLanguage\":\"ht\",\"potentialAction\":[{\"@type\":\"ReadAction\",\"target\":[\"https:\\\/\\\/floridareprofreedom.org\\\/2020\\\/01\\\/03\\\/reproductive-rights-news-roundup-13\\\/\"]}]},{\"@type\":\"BreadcrumbList\",\"@id\":\"https:\\\/\\\/floridareprofreedom.org\\\/2020\\\/01\\\/03\\\/reproductive-rights-news-roundup-13\\\/#breadcrumb\",\"itemListElement\":[{\"@type\":\"ListItem\",\"position\":1,\"name\":\"Home\",\"item\":\"https:\\\/\\\/floridareprofreedom.org\\\/\"},{\"@type\":\"ListItem\",\"position\":2,\"name\":\"Reproductive Rights News Roundup\"}]},{\"@type\":\"WebSite\",\"@id\":\"https:\\\/\\\/floridareprofreedom.org\\\/#website\",\"url\":\"https:\\\/\\\/floridareprofreedom.org\\\/\",\"name\":\"Floridians For Reproductive Freedom\",\"description\":\"Advocating for convenient, affordable, and safe access to reproductive health care, including abortion.\",\"publisher\":{\"@id\":\"https:\\\/\\\/floridareprofreedom.org\\\/#organization\"},\"potentialAction\":[{\"@type\":\"SearchAction\",\"target\":{\"@type\":\"EntryPoint\",\"urlTemplate\":\"https:\\\/\\\/floridareprofreedom.org\\\/?s={search_term_string}\"},\"query-input\":{\"@type\":\"PropertyValueSpecification\",\"valueRequired\":true,\"valueName\":\"search_term_string\"}}],\"inLanguage\":\"ht\"},{\"@type\":\"Organization\",\"@id\":\"https:\\\/\\\/floridareprofreedom.org\\\/#organization\",\"name\":\"Floridians for Reproductive Freedom\",\"url\":\"https:\\\/\\\/floridareprofreedom.org\\\/\",\"logo\":{\"@type\":\"ImageObject\",\"inLanguage\":\"ht\",\"@id\":\"https:\\\/\\\/floridareprofreedom.org\\\/#\\\/schema\\\/logo\\\/image\\\/\",\"url\":\"https:\\\/\\\/floridareprofreedom.org\\\/wp-content\\\/uploads\\\/2019\\\/05\\\/Untitled.jpg\",\"contentUrl\":\"https:\\\/\\\/floridareprofreedom.org\\\/wp-content\\\/uploads\\\/2019\\\/05\\\/Untitled.jpg\",\"width\":174,\"height\":180,\"caption\":\"Floridians for Reproductive Freedom\"},\"image\":{\"@id\":\"https:\\\/\\\/floridareprofreedom.org\\\/#\\\/schema\\\/logo\\\/image\\\/\"},\"sameAs\":[\"https:\\\/\\\/www.facebook.com\\\/FloridaReproFreedom\\\/\",\"https:\\\/\\\/x.com\\\/FLReproFreedom\",\"https:\\\/\\\/www.instagram.com\\\/floridareprofreedom\\\/\"]},{\"@type\":\"Person\",\"@id\":\"https:\\\/\\\/floridareprofreedom.org\\\/#\\\/schema\\\/person\\\/06cd4e7049bee74dc9bebadc0402516c\",\"name\":\"Amy Weintraub\",\"image\":{\"@type\":\"ImageObject\",\"inLanguage\":\"ht\",\"@id\":\"https:\\\/\\\/secure.gravatar.com\\\/avatar\\\/9a483688fae75a6f730c9b85f0823a5e6a6859914ce3f03840bc17f320ab460b?s=96&d=mm&r=g\",\"url\":\"https:\\\/\\\/secure.gravatar.com\\\/avatar\\\/9a483688fae75a6f730c9b85f0823a5e6a6859914ce3f03840bc17f320ab460b?s=96&d=mm&r=g\",\"contentUrl\":\"https:\\\/\\\/secure.gravatar.com\\\/avatar\\\/9a483688fae75a6f730c9b85f0823a5e6a6859914ce3f03840bc17f320ab460b?s=96&d=mm&r=g\",\"caption\":\"Amy Weintraub\"},\"url\":\"https:\\\/\\\/floridareprofreedom.org\\\/ht\\\/author\\\/amy-weintraub\\\/\"}]}<\/script>\n<!-- \/ Yoast SEO plugin. -->","yoast_head_json":{"title":"Rezime Nouv\u00e8l sou Dwa Repwodiktif - Floridyen Pou Lib\u00e8te Repwodiktif","robots":{"index":"index","follow":"follow","max-snippet":"max-snippet:-1","max-image-preview":"max-image-preview:large","max-video-preview":"max-video-preview:-1"},"canonical":"https:\/\/floridareprofreedom.org\/ht\/2020\/01\/03\/rezime-nouvel-sou-dwa-repwodiktif-13\/","og_locale":"ht_HT","og_type":"article","og_title":"Reproductive Rights News Roundup - Floridians For Reproductive Freedom","og_description":"Out every Friday, our news roundup helps reproductive rights advocates stay up to speed on the top repro stories out of Florida and the nation.","og_url":"https:\/\/floridareprofreedom.org\/ht\/2020\/01\/03\/rezime-nouvel-sou-dwa-repwodiktif-13\/","og_site_name":"Floridians For Reproductive Freedom","article_publisher":"https:\/\/www.facebook.com\/FloridaReproFreedom\/","article_published_time":"2020-01-03T15:32:06+00:00","author":"Amy Weintraub","twitter_card":"summary_large_image","twitter_creator":"@FLReproFreedom","twitter_site":"@FLReproFreedom","twitter_misc":{"Written by":"Amy Weintraub","Est. reading time":"2 minutes"},"schema":{"@context":"https:\/\/schema.org","@graph":[{"@type":"Article","@id":"https:\/\/floridareprofreedom.org\/2020\/01\/03\/reproductive-rights-news-roundup-13\/#article","isPartOf":{"@id":"https:\/\/floridareprofreedom.org\/2020\/01\/03\/reproductive-rights-news-roundup-13\/"},"author":{"name":"Amy Weintraub","@id":"https:\/\/floridareprofreedom.org\/#\/schema\/person\/06cd4e7049bee74dc9bebadc0402516c"},"headline":"Reproductive Rights News Roundup","datePublished":"2020-01-03T15:32:06+00:00","mainEntityOfPage":{"@id":"https:\/\/floridareprofreedom.org\/2020\/01\/03\/reproductive-rights-news-roundup-13\/"},"wordCount":312,"publisher":{"@id":"https:\/\/floridareprofreedom.org\/#organization"},"articleSection":["Latest News"],"inLanguage":"ht"},{"@type":"WebPage","@id":"https:\/\/floridareprofreedom.org\/2020\/01\/03\/reproductive-rights-news-roundup-13\/","url":"https:\/\/floridareprofreedom.org\/2020\/01\/03\/reproductive-rights-news-roundup-13\/","name":"Rezime Nouv\u00e8l sou Dwa Repwodiktif - Floridyen Pou Lib\u00e8te Repwodiktif","isPartOf":{"@id":"https:\/\/floridareprofreedom.org\/#website"},"datePublished":"2020-01-03T15:32:06+00:00","breadcrumb":{"@id":"https:\/\/floridareprofreedom.org\/2020\/01\/03\/reproductive-rights-news-roundup-13\/#breadcrumb"},"inLanguage":"ht","potentialAction":[{"@type":"ReadAction","target":["https:\/\/floridareprofreedom.org\/2020\/01\/03\/reproductive-rights-news-roundup-13\/"]}]},{"@type":"BreadcrumbList","@id":"https:\/\/floridareprofreedom.org\/2020\/01\/03\/reproductive-rights-news-roundup-13\/#breadcrumb","itemListElement":[{"@type":"ListItem","position":1,"name":"Home","item":"https:\/\/floridareprofreedom.org\/"},{"@type":"ListItem","position":2,"name":"Reproductive Rights News Roundup"}]},{"@type":"WebSite","@id":"https:\/\/floridareprofreedom.org\/#website","url":"https:\/\/floridareprofreedom.org\/","name":"Floridyen pou lib\u00e8te repwodiktif","description":"Ap defann aks\u00e8 pratik, ab\u00f2dab, epi an sekirite a swen sante repwodiktif, tankou av\u00f2tman.","publisher":{"@id":"https:\/\/floridareprofreedom.org\/#organization"},"potentialAction":[{"@type":"SearchAction","target":{"@type":"EntryPoint","urlTemplate":"https:\/\/floridareprofreedom.org\/?s={search_term_string}"},"query-input":{"@type":"PropertyValueSpecification","valueRequired":true,"valueName":"search_term_string"}}],"inLanguage":"ht"},{"@type":"Organization","@id":"https:\/\/floridareprofreedom.org\/#organization","name":"Floridyen pou Lib\u00e8te Repwodiktif","url":"https:\/\/floridareprofreedom.org\/","logo":{"@type":"ImageObject","inLanguage":"ht","@id":"https:\/\/floridareprofreedom.org\/#\/schema\/logo\/image\/","url":"https:\/\/floridareprofreedom.org\/wp-content\/uploads\/2019\/05\/Untitled.jpg","contentUrl":"https:\/\/floridareprofreedom.org\/wp-content\/uploads\/2019\/05\/Untitled.jpg","width":174,"height":180,"caption":"Floridians for Reproductive Freedom"},"image":{"@id":"https:\/\/floridareprofreedom.org\/#\/schema\/logo\/image\/"},"sameAs":["https:\/\/www.facebook.com\/FloridaReproFreedom\/","https:\/\/x.com\/FLReproFreedom","https:\/\/www.instagram.com\/floridareprofreedom\/"]},{"@type":"Person","@id":"https:\/\/floridareprofreedom.org\/#\/schema\/person\/06cd4e7049bee74dc9bebadc0402516c","name":"Amy Weintraub","image":{"@type":"ImageObject","inLanguage":"ht","@id":"https:\/\/secure.gravatar.com\/avatar\/9a483688fae75a6f730c9b85f0823a5e6a6859914ce3f03840bc17f320ab460b?s=96&d=mm&r=g","url":"https:\/\/secure.gravatar.com\/avatar\/9a483688fae75a6f730c9b85f0823a5e6a6859914ce3f03840bc17f320ab460b?s=96&d=mm&r=g","contentUrl":"https:\/\/secure.gravatar.com\/avatar\/9a483688fae75a6f730c9b85f0823a5e6a6859914ce3f03840bc17f320ab460b?s=96&d=mm&r=g","caption":"Amy Weintraub"},"url":"https:\/\/floridareprofreedom.org\/ht\/author\/amy-weintraub\/"}]}},"_links":{"self":[{"href":"https:\/\/floridareprofreedom.org\/ht\/wp-json\/wp\/v2\/posts\/888","targetHints":{"allow":["GET"]}}],"collection":[{"href":"https:\/\/floridareprofreedom.org\/ht\/wp-json\/wp\/v2\/posts"}],"about":[{"href":"https:\/\/floridareprofreedom.org\/ht\/wp-json\/wp\/v2\/types\/post"}],"author":[{"embeddable":true,"href":"https:\/\/floridareprofreedom.org\/ht\/wp-json\/wp\/v2\/users\/3"}],"replies":[{"embeddable":true,"href":"https:\/\/floridareprofreedom.org\/ht\/wp-json\/wp\/v2\/comments?post=888"}],"version-history":[{"count":1,"href":"https:\/\/floridareprofreedom.org\/ht\/wp-json\/wp\/v2\/posts\/888\/revisions"}],"predecessor-version":[{"id":889,"href":"https:\/\/floridareprofreedom.org\/ht\/wp-json\/wp\/v2\/posts\/888\/revisions\/889"}],"wp:attachment":[{"href":"https:\/\/floridareprofreedom.org\/ht\/wp-json\/wp\/v2\/media?parent=888"}],"wp:term":[{"taxonomy":"category","embeddable":true,"href":"https:\/\/floridareprofreedom.org\/ht\/wp-json\/wp\/v2\/categories?post=888"},{"taxonomy":"post_tag","embeddable":true,"href":"https:\/\/floridareprofreedom.org\/ht\/wp-json\/wp\/v2\/tags?post=888"}],"curies":[{"name":"wp","href":"https:\/\/api.w.org\/{rel}","templated":true}]}}