{"id":1341,"date":"2020-08-21T13:16:05","date_gmt":"2020-08-21T13:16:05","guid":{"rendered":"https:\/\/floridareprofreedom.org\/?p=1341"},"modified":"2020-08-21T13:17:06","modified_gmt":"2020-08-21T13:17:06","slug":"mat","status":"publish","type":"post","link":"https:\/\/floridareprofreedom.org\/vi\/2020\/08\/21\/lost\/","title":{"rendered":"M\u1ed9t s\u1ed1 nh\u00e0 l\u1eadp ph\u00e1p \u0111\u00e3 thua cu\u1ed9c b\u1ea7u c\u1eed s\u01a1 b\u1ed9 v\u00ec d\u1ef1 lu\u1eadt \u0111\u1ed3ng \u00fd c\u1ee7a ph\u1ee5 huynh"},"content":{"rendered":"<p><a href=\"https:\/\/www.floridaphoenix.com\/2020\/08\/19\/on-the-abortion-rights-front-advocates-say-some-state-lawmakers-lost-their-races-over-the-issue\/\">M\u1eb7t tr\u1eadn quy\u1ec1n ph\u00e1 thai: Nh\u1eefng ng\u01b0\u1eddi \u1ee7ng h\u1ed9 cho bi\u1ebft m\u1ed9t s\u1ed1 nh\u00e0 l\u1eadp ph\u00e1p \u0111\u00e3 thua cu\u1ed9c \u0111ua v\u1ec1 d\u1ef1 lu\u1eadt \u0111\u1ed3ng \u00fd c\u1ee7a cha m\u1eb9<\/a><br \/>\nB\u1edfi Diane Rado<br \/>\nFlorida Phoenix<br \/>\nKhi H\u1ea1 vi\u1ec7n ti\u1ec3u bang xem x\u00e9t d\u1ef1 lu\u1eadt g\u00e2y tranh c\u00e3i v\u1ec1 s\u1ef1 \u0111\u1ed3ng \u00fd c\u1ee7a cha m\u1eb9 trong k\u1ef3 h\u1ecdp l\u1eadp ph\u00e1p n\u0103m 2020, h\u1ea7u h\u1ebft c\u00e1c ngh\u1ecb s\u0129 \u0110\u1ea3ng D\u00e2n ch\u1ee7, nh\u01b0ng kh\u00f4ng ph\u1ea3i t\u1ea5t c\u1ea3, \u0111\u00e3 b\u1ecf phi\u1ebfu ch\u1ed1ng l\u1ea1i bi\u1ec7n ph\u00e1p n\u00e0y. \u0110\u1ea3ng C\u1ed9ng h\u00f2a \u0111\u00e3 \u1ee7ng h\u1ed9 \u00e1p \u0111\u1ea3o.<\/p>\n<p><a href=\"https:\/\/www.floridaphoenix.com\/2020\/08\/19\/on-the-abortion-rights-front-advocates-say-some-state-lawmakers-lost-their-races-over-the-issue\/\">\u0110\u1ecdc th\u00eam\u2026<\/a><\/p>\n<p>&nbsp;<\/p>","protected":false},"excerpt":{"rendered":"<p>Theo Florida Planned Parenthood PAC, gi\u1edd \u0111\u00e2y khi cu\u1ed9c b\u1ea7u c\u1eed s\u01a1 b\u1ed9 \u0111\u00e3 k\u1ebft th\u00fac, trong m\u1ed9t s\u1ed1 tr\u01b0\u1eddng h\u1ee3p, c\u00e1c nh\u00e0 l\u1eadp ph\u00e1p \u0111ang ch\u1ee9ng ki\u1ebfn h\u1eadu qu\u1ea3 c\u1ee7a v\u1ea5n \u0111\u1ec1 ph\u00e1 thai.<\/p>","protected":false},"author":3,"featured_media":0,"comment_status":"closed","ping_status":"closed","sticky":false,"template":"","format":"standard","meta":{"footnotes":""},"categories":[4],"tags":[],"class_list":["post-1341","post","type-post","status-publish","format-standard","hentry","category-news"],"yoast_head":"<!-- This site is optimized with the Yoast SEO plugin v27.4 - https:\/\/yoast.com\/product\/yoast-seo-wordpress\/ -->\n<title>Some lawmakers lost Primary races over the parental consent bill - Floridians For Reproductive Freedom<\/title>\n<meta name=\"robots\" content=\"index, follow, max-snippet:-1, max-image-preview:large, max-video-preview:-1\" \/>\n<link rel=\"canonical\" href=\"https:\/\/floridareprofreedom.org\/vi\/2020\/08\/21\/mat\/\" \/>\n<meta property=\"og:locale\" content=\"vi_VN\" \/>\n<meta property=\"og:type\" content=\"article\" \/>\n<meta property=\"og:title\" content=\"Some lawmakers lost Primary races over the parental consent bill - Floridians For Reproductive Freedom\" \/>\n<meta property=\"og:description\" content=\"Now that the primary election is over, lawmakers in some cases are seeing the fallout on the abortion issue, according to Florida Planned Parenthood PAC.\" \/>\n<meta property=\"og:url\" content=\"https:\/\/floridareprofreedom.org\/vi\/2020\/08\/21\/mat\/\" \/>\n<meta property=\"og:site_name\" content=\"Floridians For Reproductive Freedom\" \/>\n<meta property=\"article:publisher\" content=\"https:\/\/www.facebook.com\/FloridaReproFreedom\/\" \/>\n<meta property=\"article:published_time\" content=\"2020-08-21T13:16:05+00:00\" \/>\n<meta property=\"article:modified_time\" content=\"2020-08-21T13:17:06+00:00\" \/>\n<meta name=\"author\" content=\"Amy Weintraub\" \/>\n<meta name=\"twitter:card\" content=\"summary_large_image\" \/>\n<meta name=\"twitter:creator\" content=\"@FLReproFreedom\" \/>\n<meta name=\"twitter:site\" content=\"@FLReproFreedom\" \/>\n<meta name=\"twitter:label1\" content=\"\u0110\u01b0\u1ee3c vi\u1ebft b\u1edfi\" \/>\n\t<meta name=\"twitter:data1\" content=\"Amy Weintraub\" \/>\n<script type=\"application\/ld+json\" class=\"yoast-schema-graph\">{\"@context\":\"https:\\\/\\\/schema.org\",\"@graph\":[{\"@type\":\"Article\",\"@id\":\"https:\\\/\\\/floridareprofreedom.org\\\/2020\\\/08\\\/21\\\/lost\\\/#article\",\"isPartOf\":{\"@id\":\"https:\\\/\\\/floridareprofreedom.org\\\/2020\\\/08\\\/21\\\/lost\\\/\"},\"author\":{\"name\":\"Amy Weintraub\",\"@id\":\"https:\\\/\\\/floridareprofreedom.org\\\/#\\\/schema\\\/person\\\/06cd4e7049bee74dc9bebadc0402516c\"},\"headline\":\"Some lawmakers lost Primary races over the parental consent bill\",\"datePublished\":\"2020-08-21T13:16:05+00:00\",\"dateModified\":\"2020-08-21T13:17:06+00:00\",\"mainEntityOfPage\":{\"@id\":\"https:\\\/\\\/floridareprofreedom.org\\\/2020\\\/08\\\/21\\\/lost\\\/\"},\"wordCount\":61,\"publisher\":{\"@id\":\"https:\\\/\\\/floridareprofreedom.org\\\/#organization\"},\"articleSection\":[\"Latest News\"],\"inLanguage\":\"vi\"},{\"@type\":\"WebPage\",\"@id\":\"https:\\\/\\\/floridareprofreedom.org\\\/2020\\\/08\\\/21\\\/lost\\\/\",\"url\":\"https:\\\/\\\/floridareprofreedom.org\\\/2020\\\/08\\\/21\\\/lost\\\/\",\"name\":\"Some lawmakers lost Primary races over the parental consent bill - Floridians For Reproductive Freedom\",\"isPartOf\":{\"@id\":\"https:\\\/\\\/floridareprofreedom.org\\\/#website\"},\"datePublished\":\"2020-08-21T13:16:05+00:00\",\"dateModified\":\"2020-08-21T13:17:06+00:00\",\"breadcrumb\":{\"@id\":\"https:\\\/\\\/floridareprofreedom.org\\\/2020\\\/08\\\/21\\\/lost\\\/#breadcrumb\"},\"inLanguage\":\"vi\",\"potentialAction\":[{\"@type\":\"ReadAction\",\"target\":[\"https:\\\/\\\/floridareprofreedom.org\\\/2020\\\/08\\\/21\\\/lost\\\/\"]}]},{\"@type\":\"BreadcrumbList\",\"@id\":\"https:\\\/\\\/floridareprofreedom.org\\\/2020\\\/08\\\/21\\\/lost\\\/#breadcrumb\",\"itemListElement\":[{\"@type\":\"ListItem\",\"position\":1,\"name\":\"Home\",\"item\":\"https:\\\/\\\/floridareprofreedom.org\\\/\"},{\"@type\":\"ListItem\",\"position\":2,\"name\":\"Some lawmakers lost Primary races over the parental consent bill\"}]},{\"@type\":\"WebSite\",\"@id\":\"https:\\\/\\\/floridareprofreedom.org\\\/#website\",\"url\":\"https:\\\/\\\/floridareprofreedom.org\\\/\",\"name\":\"Floridians For Reproductive Freedom\",\"description\":\"Advocating for convenient, affordable, and safe access to reproductive health care, including abortion.\",\"publisher\":{\"@id\":\"https:\\\/\\\/floridareprofreedom.org\\\/#organization\"},\"potentialAction\":[{\"@type\":\"SearchAction\",\"target\":{\"@type\":\"EntryPoint\",\"urlTemplate\":\"https:\\\/\\\/floridareprofreedom.org\\\/?s={search_term_string}\"},\"query-input\":{\"@type\":\"PropertyValueSpecification\",\"valueRequired\":true,\"valueName\":\"search_term_string\"}}],\"inLanguage\":\"vi\"},{\"@type\":\"Organization\",\"@id\":\"https:\\\/\\\/floridareprofreedom.org\\\/#organization\",\"name\":\"Floridians for Reproductive Freedom\",\"url\":\"https:\\\/\\\/floridareprofreedom.org\\\/\",\"logo\":{\"@type\":\"ImageObject\",\"inLanguage\":\"vi\",\"@id\":\"https:\\\/\\\/floridareprofreedom.org\\\/#\\\/schema\\\/logo\\\/image\\\/\",\"url\":\"https:\\\/\\\/floridareprofreedom.org\\\/wp-content\\\/uploads\\\/2019\\\/05\\\/Untitled.jpg\",\"contentUrl\":\"https:\\\/\\\/floridareprofreedom.org\\\/wp-content\\\/uploads\\\/2019\\\/05\\\/Untitled.jpg\",\"width\":174,\"height\":180,\"caption\":\"Floridians for Reproductive Freedom\"},\"image\":{\"@id\":\"https:\\\/\\\/floridareprofreedom.org\\\/#\\\/schema\\\/logo\\\/image\\\/\"},\"sameAs\":[\"https:\\\/\\\/www.facebook.com\\\/FloridaReproFreedom\\\/\",\"https:\\\/\\\/x.com\\\/FLReproFreedom\",\"https:\\\/\\\/www.instagram.com\\\/floridareprofreedom\\\/\"]},{\"@type\":\"Person\",\"@id\":\"https:\\\/\\\/floridareprofreedom.org\\\/#\\\/schema\\\/person\\\/06cd4e7049bee74dc9bebadc0402516c\",\"name\":\"Amy Weintraub\",\"image\":{\"@type\":\"ImageObject\",\"inLanguage\":\"vi\",\"@id\":\"https:\\\/\\\/secure.gravatar.com\\\/avatar\\\/9a483688fae75a6f730c9b85f0823a5e6a6859914ce3f03840bc17f320ab460b?s=96&d=mm&r=g\",\"url\":\"https:\\\/\\\/secure.gravatar.com\\\/avatar\\\/9a483688fae75a6f730c9b85f0823a5e6a6859914ce3f03840bc17f320ab460b?s=96&d=mm&r=g\",\"contentUrl\":\"https:\\\/\\\/secure.gravatar.com\\\/avatar\\\/9a483688fae75a6f730c9b85f0823a5e6a6859914ce3f03840bc17f320ab460b?s=96&d=mm&r=g\",\"caption\":\"Amy Weintraub\"},\"url\":\"https:\\\/\\\/floridareprofreedom.org\\\/vi\\\/author\\\/amy-weintraub\\\/\"}]}<\/script>\n<!-- \/ Yoast SEO plugin. -->","yoast_head_json":{"title":"M\u1ed9t s\u1ed1 nh\u00e0 l\u1eadp ph\u00e1p \u0111\u00e3 thua cu\u1ed9c b\u1ea7u c\u1eed s\u01a1 b\u1ed9 v\u00ec d\u1ef1 lu\u1eadt \u0111\u1ed3ng \u00fd c\u1ee7a cha m\u1eb9 - Ng\u01b0\u1eddi Florida v\u00ec T\u1ef1 do Sinh s\u1ea3n","robots":{"index":"index","follow":"follow","max-snippet":"max-snippet:-1","max-image-preview":"max-image-preview:large","max-video-preview":"max-video-preview:-1"},"canonical":"https:\/\/floridareprofreedom.org\/vi\/2020\/08\/21\/mat\/","og_locale":"vi_VN","og_type":"article","og_title":"Some lawmakers lost Primary races over the parental consent bill - Floridians For Reproductive Freedom","og_description":"Now that the primary election is over, lawmakers in some cases are seeing the fallout on the abortion issue, according to Florida Planned Parenthood PAC.","og_url":"https:\/\/floridareprofreedom.org\/vi\/2020\/08\/21\/mat\/","og_site_name":"Floridians For Reproductive Freedom","article_publisher":"https:\/\/www.facebook.com\/FloridaReproFreedom\/","article_published_time":"2020-08-21T13:16:05+00:00","article_modified_time":"2020-08-21T13:17:06+00:00","author":"Amy Weintraub","twitter_card":"summary_large_image","twitter_creator":"@FLReproFreedom","twitter_site":"@FLReproFreedom","twitter_misc":{"\u0110\u01b0\u1ee3c vi\u1ebft b\u1edfi":"Amy Weintraub"},"schema":{"@context":"https:\/\/schema.org","@graph":[{"@type":"Article","@id":"https:\/\/floridareprofreedom.org\/2020\/08\/21\/lost\/#article","isPartOf":{"@id":"https:\/\/floridareprofreedom.org\/2020\/08\/21\/lost\/"},"author":{"name":"Amy Weintraub","@id":"https:\/\/floridareprofreedom.org\/#\/schema\/person\/06cd4e7049bee74dc9bebadc0402516c"},"headline":"Some lawmakers lost Primary races over the parental consent bill","datePublished":"2020-08-21T13:16:05+00:00","dateModified":"2020-08-21T13:17:06+00:00","mainEntityOfPage":{"@id":"https:\/\/floridareprofreedom.org\/2020\/08\/21\/lost\/"},"wordCount":61,"publisher":{"@id":"https:\/\/floridareprofreedom.org\/#organization"},"articleSection":["Latest News"],"inLanguage":"vi"},{"@type":"WebPage","@id":"https:\/\/floridareprofreedom.org\/2020\/08\/21\/lost\/","url":"https:\/\/floridareprofreedom.org\/2020\/08\/21\/lost\/","name":"M\u1ed9t s\u1ed1 nh\u00e0 l\u1eadp ph\u00e1p \u0111\u00e3 thua cu\u1ed9c b\u1ea7u c\u1eed s\u01a1 b\u1ed9 v\u00ec d\u1ef1 lu\u1eadt \u0111\u1ed3ng \u00fd c\u1ee7a cha m\u1eb9 - Ng\u01b0\u1eddi Florida v\u00ec T\u1ef1 do Sinh s\u1ea3n","isPartOf":{"@id":"https:\/\/floridareprofreedom.org\/#website"},"datePublished":"2020-08-21T13:16:05+00:00","dateModified":"2020-08-21T13:17:06+00:00","breadcrumb":{"@id":"https:\/\/floridareprofreedom.org\/2020\/08\/21\/lost\/#breadcrumb"},"inLanguage":"vi","potentialAction":[{"@type":"ReadAction","target":["https:\/\/floridareprofreedom.org\/2020\/08\/21\/lost\/"]}]},{"@type":"BreadcrumbList","@id":"https:\/\/floridareprofreedom.org\/2020\/08\/21\/lost\/#breadcrumb","itemListElement":[{"@type":"ListItem","position":1,"name":"Home","item":"https:\/\/floridareprofreedom.org\/"},{"@type":"ListItem","position":2,"name":"Some lawmakers lost Primary races over the parental consent bill"}]},{"@type":"WebSite","@id":"https:\/\/floridareprofreedom.org\/#website","url":"https:\/\/floridareprofreedom.org\/","name":"Ng\u01b0\u1eddi Florida v\u00ec T\u1ef1 do Sinh s\u1ea3n","description":"V\u1eadn \u0111\u1ed9ng cho vi\u1ec7c ti\u1ebfp c\u1eadn d\u1ecbch v\u1ee5 ch\u0103m s\u00f3c s\u1ee9c kh\u1ecfe sinh s\u1ea3n, bao g\u1ed3m c\u1ea3 ph\u00e1 thai, m\u1ed9t c\u00e1ch thu\u1eadn ti\u1ec7n, gi\u00e1 c\u1ea3 ph\u1ea3i ch\u0103ng v\u00e0 an to\u00e0n.","publisher":{"@id":"https:\/\/floridareprofreedom.org\/#organization"},"potentialAction":[{"@type":"SearchAction","target":{"@type":"EntryPoint","urlTemplate":"https:\/\/floridareprofreedom.org\/?s={search_term_string}"},"query-input":{"@type":"PropertyValueSpecification","valueRequired":true,"valueName":"search_term_string"}}],"inLanguage":"vi"},{"@type":"Organization","@id":"https:\/\/floridareprofreedom.org\/#organization","name":"Ng\u01b0\u1eddi Florida v\u00ec T\u1ef1 do Sinh s\u1ea3n","url":"https:\/\/floridareprofreedom.org\/","logo":{"@type":"ImageObject","inLanguage":"vi","@id":"https:\/\/floridareprofreedom.org\/#\/schema\/logo\/image\/","url":"https:\/\/floridareprofreedom.org\/wp-content\/uploads\/2019\/05\/Untitled.jpg","contentUrl":"https:\/\/floridareprofreedom.org\/wp-content\/uploads\/2019\/05\/Untitled.jpg","width":174,"height":180,"caption":"Floridians for Reproductive Freedom"},"image":{"@id":"https:\/\/floridareprofreedom.org\/#\/schema\/logo\/image\/"},"sameAs":["https:\/\/www.facebook.com\/FloridaReproFreedom\/","https:\/\/x.com\/FLReproFreedom","https:\/\/www.instagram.com\/floridareprofreedom\/"]},{"@type":"Person","@id":"https:\/\/floridareprofreedom.org\/#\/schema\/person\/06cd4e7049bee74dc9bebadc0402516c","name":"Amy Weintraub","image":{"@type":"ImageObject","inLanguage":"vi","@id":"https:\/\/secure.gravatar.com\/avatar\/9a483688fae75a6f730c9b85f0823a5e6a6859914ce3f03840bc17f320ab460b?s=96&d=mm&r=g","url":"https:\/\/secure.gravatar.com\/avatar\/9a483688fae75a6f730c9b85f0823a5e6a6859914ce3f03840bc17f320ab460b?s=96&d=mm&r=g","contentUrl":"https:\/\/secure.gravatar.com\/avatar\/9a483688fae75a6f730c9b85f0823a5e6a6859914ce3f03840bc17f320ab460b?s=96&d=mm&r=g","caption":"Amy Weintraub"},"url":"https:\/\/floridareprofreedom.org\/vi\/author\/amy-weintraub\/"}]}},"_links":{"self":[{"href":"https:\/\/floridareprofreedom.org\/vi\/wp-json\/wp\/v2\/posts\/1341","targetHints":{"allow":["GET"]}}],"collection":[{"href":"https:\/\/floridareprofreedom.org\/vi\/wp-json\/wp\/v2\/posts"}],"about":[{"href":"https:\/\/floridareprofreedom.org\/vi\/wp-json\/wp\/v2\/types\/post"}],"author":[{"embeddable":true,"href":"https:\/\/floridareprofreedom.org\/vi\/wp-json\/wp\/v2\/users\/3"}],"replies":[{"embeddable":true,"href":"https:\/\/floridareprofreedom.org\/vi\/wp-json\/wp\/v2\/comments?post=1341"}],"version-history":[{"count":2,"href":"https:\/\/floridareprofreedom.org\/vi\/wp-json\/wp\/v2\/posts\/1341\/revisions"}],"predecessor-version":[{"id":1343,"href":"https:\/\/floridareprofreedom.org\/vi\/wp-json\/wp\/v2\/posts\/1341\/revisions\/1343"}],"wp:attachment":[{"href":"https:\/\/floridareprofreedom.org\/vi\/wp-json\/wp\/v2\/media?parent=1341"}],"wp:term":[{"taxonomy":"category","embeddable":true,"href":"https:\/\/floridareprofreedom.org\/vi\/wp-json\/wp\/v2\/categories?post=1341"},{"taxonomy":"post_tag","embeddable":true,"href":"https:\/\/floridareprofreedom.org\/vi\/wp-json\/wp\/v2\/tags?post=1341"}],"curies":[{"name":"wp","href":"https:\/\/api.w.org\/{rel}","templated":true}]}}