{"id":2169,"date":"2021-11-16T22:02:04","date_gmt":"2021-11-16T22:02:04","guid":{"rendered":"https:\/\/floridareprofreedom.org\/?p=2169"},"modified":"2021-11-16T22:02:04","modified_gmt":"2021-11-16T22:02:04","slug":"don-kien-nghi","status":"publish","type":"post","link":"https:\/\/floridareprofreedom.org\/vi\/2021\/11\/16\/petition\/","title":{"rendered":"Nh\u00e2n vi\u00ean c\u1ee7a Th\u01b0\u1ee3ng ngh\u1ecb s\u0129 Ti\u1ec3u bang FL \u0111\u00e3 kh\u00f3a c\u1eeda \u0111\u1ec3 c\u00e1c nh\u00e0 l\u00e3nh \u0111\u1ea1o t\u00f4n gi\u00e1o, nh\u1eefng ng\u01b0\u1eddi \u1ee7ng h\u1ed9 quy\u1ec1n ph\u00e1 thai mang theo \u0111\u01a1n ki\u1ebfn ngh\u1ecb"},"content":{"rendered":"<p>B\u1edfi Isaac Morgan<br \/>\nFlorida Phoenix<br \/>\nC\u1ea7m nh\u1eefng t\u1ea5m bi\u1ec3n c\u00f3 th\u00f4ng \u0111i\u1ec7p v\u1ec1 quy\u1ec1n sinh s\u1ea3n c\u1ee7a ph\u1ee5 n\u1eef v\u00e0 h\u00e9t v\u00e0o loa ph\u00f3ng thanh, m\u1ed9t nh\u00f3m g\u1ed3m \u00edt nh\u1ea5t 15 nh\u00e0 l\u00e3nh \u0111\u1ea1o t\u00f4n gi\u00e1o v\u00e0 ng\u01b0\u1eddi \u1ee7ng h\u1ed9 quy\u1ec1n ph\u00e1 thai \u0111\u00e3 c\u1ed1 g\u1eafng trao t\u1eadn tay m\u1ed9t l\u00e1 th\u01b0 v\u00e0 \u0111\u01a1n ki\u1ebfn ngh\u1ecb cho Th\u01b0\u1ee3ng ngh\u1ecb s\u0129 Danny Burgess, nh\u01b0ng nh\u00e2n vi\u00ean v\u0103n ph\u00f2ng c\u1ee7a \u00f4ng \u0111\u00e3 kh\u00f3a c\u1eeda.<\/p>\n<p><a href=\"https:\/\/floridaphoenix.com\/2021\/11\/10\/senators-staff-locked-door-to-faith-leaders-abortion-rights-advocates-bearing-petition\/\"><span style=\"font-weight: 400;\">\u0110\u1ecdc ti\u1ebfp\u2026<\/span><\/a><\/p>","protected":false},"excerpt":{"rendered":"<p>Ch\u1ee7 t\u1ecbch Th\u01b0\u1ee3ng vi\u1ec7n ti\u1ec3u bang cho bi\u1ebft: &quot;T\u00f4i ngh\u0129 r\u1eb1ng vi\u1ec7c xem x\u00e9t lu\u1eadt c\u1ee7a Texas l\u00e0 r\u1ea5t \u0111\u00e1ng gi\u00e1&quot;.<\/p>","protected":false},"author":3,"featured_media":0,"comment_status":"closed","ping_status":"closed","sticky":false,"template":"","format":"standard","meta":{"footnotes":""},"categories":[4],"tags":[],"class_list":["post-2169","post","type-post","status-publish","format-standard","hentry","category-news"],"yoast_head":"<!-- This site is optimized with the Yoast SEO plugin v27.4 - https:\/\/yoast.com\/product\/yoast-seo-wordpress\/ -->\n<title>FL State Senator\u2019s staff locked door to faith leaders, abortion rights advocates bearing petition - Floridians For Reproductive Freedom<\/title>\n<meta name=\"robots\" content=\"index, follow, max-snippet:-1, max-image-preview:large, max-video-preview:-1\" \/>\n<link rel=\"canonical\" href=\"https:\/\/floridareprofreedom.org\/vi\/2021\/11\/16\/don-kien-nghi\/\" \/>\n<meta property=\"og:locale\" content=\"vi_VN\" \/>\n<meta property=\"og:type\" content=\"article\" \/>\n<meta property=\"og:title\" content=\"FL State Senator\u2019s staff locked door to faith leaders, abortion rights advocates bearing petition - Floridians For Reproductive Freedom\" \/>\n<meta property=\"og:description\" content=\"&quot;I think it\u2019s worthwhile to take a look at the Texas law,&quot; state Senate president says.\" \/>\n<meta property=\"og:url\" content=\"https:\/\/floridareprofreedom.org\/vi\/2021\/11\/16\/don-kien-nghi\/\" \/>\n<meta property=\"og:site_name\" content=\"Floridians For Reproductive Freedom\" \/>\n<meta property=\"article:publisher\" content=\"https:\/\/www.facebook.com\/FloridaReproFreedom\/\" \/>\n<meta property=\"article:published_time\" content=\"2021-11-16T22:02:04+00:00\" \/>\n<meta name=\"author\" content=\"Amy Weintraub\" \/>\n<meta name=\"twitter:card\" content=\"summary_large_image\" \/>\n<meta name=\"twitter:creator\" content=\"@FLReproFreedom\" \/>\n<meta name=\"twitter:site\" content=\"@FLReproFreedom\" \/>\n<meta name=\"twitter:label1\" content=\"\u0110\u01b0\u1ee3c vi\u1ebft b\u1edfi\" \/>\n\t<meta name=\"twitter:data1\" content=\"Amy Weintraub\" \/>\n\t<meta name=\"twitter:label2\" content=\"\u01af\u1edbc t\u00ednh th\u1eddi gian \u0111\u1ecdc\" \/>\n\t<meta name=\"twitter:data2\" content=\"1 ph\u00fat\" \/>\n<script type=\"application\/ld+json\" class=\"yoast-schema-graph\">{\"@context\":\"https:\\\/\\\/schema.org\",\"@graph\":[{\"@type\":\"Article\",\"@id\":\"https:\\\/\\\/floridareprofreedom.org\\\/2021\\\/11\\\/16\\\/petition\\\/#article\",\"isPartOf\":{\"@id\":\"https:\\\/\\\/floridareprofreedom.org\\\/2021\\\/11\\\/16\\\/petition\\\/\"},\"author\":{\"name\":\"Amy Weintraub\",\"@id\":\"https:\\\/\\\/floridareprofreedom.org\\\/#\\\/schema\\\/person\\\/06cd4e7049bee74dc9bebadc0402516c\"},\"headline\":\"FL State Senator\u2019s staff locked door to faith leaders, abortion rights advocates bearing petition\",\"datePublished\":\"2021-11-16T22:02:04+00:00\",\"mainEntityOfPage\":{\"@id\":\"https:\\\/\\\/floridareprofreedom.org\\\/2021\\\/11\\\/16\\\/petition\\\/\"},\"wordCount\":66,\"publisher\":{\"@id\":\"https:\\\/\\\/floridareprofreedom.org\\\/#organization\"},\"articleSection\":[\"Latest News\"],\"inLanguage\":\"vi\"},{\"@type\":\"WebPage\",\"@id\":\"https:\\\/\\\/floridareprofreedom.org\\\/2021\\\/11\\\/16\\\/petition\\\/\",\"url\":\"https:\\\/\\\/floridareprofreedom.org\\\/2021\\\/11\\\/16\\\/petition\\\/\",\"name\":\"FL State Senator\u2019s staff locked door to faith leaders, abortion rights advocates bearing petition - Floridians For Reproductive Freedom\",\"isPartOf\":{\"@id\":\"https:\\\/\\\/floridareprofreedom.org\\\/#website\"},\"datePublished\":\"2021-11-16T22:02:04+00:00\",\"breadcrumb\":{\"@id\":\"https:\\\/\\\/floridareprofreedom.org\\\/2021\\\/11\\\/16\\\/petition\\\/#breadcrumb\"},\"inLanguage\":\"vi\",\"potentialAction\":[{\"@type\":\"ReadAction\",\"target\":[\"https:\\\/\\\/floridareprofreedom.org\\\/2021\\\/11\\\/16\\\/petition\\\/\"]}]},{\"@type\":\"BreadcrumbList\",\"@id\":\"https:\\\/\\\/floridareprofreedom.org\\\/2021\\\/11\\\/16\\\/petition\\\/#breadcrumb\",\"itemListElement\":[{\"@type\":\"ListItem\",\"position\":1,\"name\":\"Home\",\"item\":\"https:\\\/\\\/floridareprofreedom.org\\\/\"},{\"@type\":\"ListItem\",\"position\":2,\"name\":\"FL State Senator\u2019s staff locked door to faith leaders, abortion rights advocates bearing petition\"}]},{\"@type\":\"WebSite\",\"@id\":\"https:\\\/\\\/floridareprofreedom.org\\\/#website\",\"url\":\"https:\\\/\\\/floridareprofreedom.org\\\/\",\"name\":\"Floridians For Reproductive Freedom\",\"description\":\"Advocating for convenient, affordable, and safe access to reproductive health care, including abortion.\",\"publisher\":{\"@id\":\"https:\\\/\\\/floridareprofreedom.org\\\/#organization\"},\"potentialAction\":[{\"@type\":\"SearchAction\",\"target\":{\"@type\":\"EntryPoint\",\"urlTemplate\":\"https:\\\/\\\/floridareprofreedom.org\\\/?s={search_term_string}\"},\"query-input\":{\"@type\":\"PropertyValueSpecification\",\"valueRequired\":true,\"valueName\":\"search_term_string\"}}],\"inLanguage\":\"vi\"},{\"@type\":\"Organization\",\"@id\":\"https:\\\/\\\/floridareprofreedom.org\\\/#organization\",\"name\":\"Floridians for Reproductive Freedom\",\"url\":\"https:\\\/\\\/floridareprofreedom.org\\\/\",\"logo\":{\"@type\":\"ImageObject\",\"inLanguage\":\"vi\",\"@id\":\"https:\\\/\\\/floridareprofreedom.org\\\/#\\\/schema\\\/logo\\\/image\\\/\",\"url\":\"https:\\\/\\\/floridareprofreedom.org\\\/wp-content\\\/uploads\\\/2019\\\/05\\\/Untitled.jpg\",\"contentUrl\":\"https:\\\/\\\/floridareprofreedom.org\\\/wp-content\\\/uploads\\\/2019\\\/05\\\/Untitled.jpg\",\"width\":174,\"height\":180,\"caption\":\"Floridians for Reproductive Freedom\"},\"image\":{\"@id\":\"https:\\\/\\\/floridareprofreedom.org\\\/#\\\/schema\\\/logo\\\/image\\\/\"},\"sameAs\":[\"https:\\\/\\\/www.facebook.com\\\/FloridaReproFreedom\\\/\",\"https:\\\/\\\/x.com\\\/FLReproFreedom\",\"https:\\\/\\\/www.instagram.com\\\/floridareprofreedom\\\/\"]},{\"@type\":\"Person\",\"@id\":\"https:\\\/\\\/floridareprofreedom.org\\\/#\\\/schema\\\/person\\\/06cd4e7049bee74dc9bebadc0402516c\",\"name\":\"Amy Weintraub\",\"image\":{\"@type\":\"ImageObject\",\"inLanguage\":\"vi\",\"@id\":\"https:\\\/\\\/secure.gravatar.com\\\/avatar\\\/9a483688fae75a6f730c9b85f0823a5e6a6859914ce3f03840bc17f320ab460b?s=96&d=mm&r=g\",\"url\":\"https:\\\/\\\/secure.gravatar.com\\\/avatar\\\/9a483688fae75a6f730c9b85f0823a5e6a6859914ce3f03840bc17f320ab460b?s=96&d=mm&r=g\",\"contentUrl\":\"https:\\\/\\\/secure.gravatar.com\\\/avatar\\\/9a483688fae75a6f730c9b85f0823a5e6a6859914ce3f03840bc17f320ab460b?s=96&d=mm&r=g\",\"caption\":\"Amy Weintraub\"},\"url\":\"https:\\\/\\\/floridareprofreedom.org\\\/vi\\\/author\\\/amy-weintraub\\\/\"}]}<\/script>\n<!-- \/ Yoast SEO plugin. -->","yoast_head_json":{"title":"Nh\u00e2n vi\u00ean c\u1ee7a Th\u01b0\u1ee3ng ngh\u1ecb s\u0129 Ti\u1ec3u bang FL \u0111\u00e3 kh\u00f3a c\u1eeda \u0111\u1ec3 c\u00e1c nh\u00e0 l\u00e3nh \u0111\u1ea1o t\u00f4n gi\u00e1o, nh\u1eefng ng\u01b0\u1eddi \u1ee7ng h\u1ed9 quy\u1ec1n ph\u00e1 thai mang theo \u0111\u01a1n ki\u1ebfn ngh\u1ecb - Ng\u01b0\u1eddi Florida V\u00ec T\u1ef1 do Sinh s\u1ea3n","robots":{"index":"index","follow":"follow","max-snippet":"max-snippet:-1","max-image-preview":"max-image-preview:large","max-video-preview":"max-video-preview:-1"},"canonical":"https:\/\/floridareprofreedom.org\/vi\/2021\/11\/16\/don-kien-nghi\/","og_locale":"vi_VN","og_type":"article","og_title":"FL State Senator\u2019s staff locked door to faith leaders, abortion rights advocates bearing petition - Floridians For Reproductive Freedom","og_description":"\"I think it\u2019s worthwhile to take a look at the Texas law,\" state Senate president says.","og_url":"https:\/\/floridareprofreedom.org\/vi\/2021\/11\/16\/don-kien-nghi\/","og_site_name":"Floridians For Reproductive Freedom","article_publisher":"https:\/\/www.facebook.com\/FloridaReproFreedom\/","article_published_time":"2021-11-16T22:02:04+00:00","author":"Amy Weintraub","twitter_card":"summary_large_image","twitter_creator":"@FLReproFreedom","twitter_site":"@FLReproFreedom","twitter_misc":{"\u0110\u01b0\u1ee3c vi\u1ebft b\u1edfi":"Amy Weintraub","\u01af\u1edbc t\u00ednh th\u1eddi gian \u0111\u1ecdc":"1 ph\u00fat"},"schema":{"@context":"https:\/\/schema.org","@graph":[{"@type":"Article","@id":"https:\/\/floridareprofreedom.org\/2021\/11\/16\/petition\/#article","isPartOf":{"@id":"https:\/\/floridareprofreedom.org\/2021\/11\/16\/petition\/"},"author":{"name":"Amy Weintraub","@id":"https:\/\/floridareprofreedom.org\/#\/schema\/person\/06cd4e7049bee74dc9bebadc0402516c"},"headline":"FL State Senator\u2019s staff locked door to faith leaders, abortion rights advocates bearing petition","datePublished":"2021-11-16T22:02:04+00:00","mainEntityOfPage":{"@id":"https:\/\/floridareprofreedom.org\/2021\/11\/16\/petition\/"},"wordCount":66,"publisher":{"@id":"https:\/\/floridareprofreedom.org\/#organization"},"articleSection":["Latest News"],"inLanguage":"vi"},{"@type":"WebPage","@id":"https:\/\/floridareprofreedom.org\/2021\/11\/16\/petition\/","url":"https:\/\/floridareprofreedom.org\/2021\/11\/16\/petition\/","name":"Nh\u00e2n vi\u00ean c\u1ee7a Th\u01b0\u1ee3ng ngh\u1ecb s\u0129 Ti\u1ec3u bang FL \u0111\u00e3 kh\u00f3a c\u1eeda \u0111\u1ec3 c\u00e1c nh\u00e0 l\u00e3nh \u0111\u1ea1o t\u00f4n gi\u00e1o, nh\u1eefng ng\u01b0\u1eddi \u1ee7ng h\u1ed9 quy\u1ec1n ph\u00e1 thai mang theo \u0111\u01a1n ki\u1ebfn ngh\u1ecb - Ng\u01b0\u1eddi Florida V\u00ec T\u1ef1 do Sinh s\u1ea3n","isPartOf":{"@id":"https:\/\/floridareprofreedom.org\/#website"},"datePublished":"2021-11-16T22:02:04+00:00","breadcrumb":{"@id":"https:\/\/floridareprofreedom.org\/2021\/11\/16\/petition\/#breadcrumb"},"inLanguage":"vi","potentialAction":[{"@type":"ReadAction","target":["https:\/\/floridareprofreedom.org\/2021\/11\/16\/petition\/"]}]},{"@type":"BreadcrumbList","@id":"https:\/\/floridareprofreedom.org\/2021\/11\/16\/petition\/#breadcrumb","itemListElement":[{"@type":"ListItem","position":1,"name":"Home","item":"https:\/\/floridareprofreedom.org\/"},{"@type":"ListItem","position":2,"name":"FL State Senator\u2019s staff locked door to faith leaders, abortion rights advocates bearing petition"}]},{"@type":"WebSite","@id":"https:\/\/floridareprofreedom.org\/#website","url":"https:\/\/floridareprofreedom.org\/","name":"Ng\u01b0\u1eddi Florida v\u00ec T\u1ef1 do Sinh s\u1ea3n","description":"V\u1eadn \u0111\u1ed9ng cho vi\u1ec7c ti\u1ebfp c\u1eadn d\u1ecbch v\u1ee5 ch\u0103m s\u00f3c s\u1ee9c kh\u1ecfe sinh s\u1ea3n, bao g\u1ed3m c\u1ea3 ph\u00e1 thai, m\u1ed9t c\u00e1ch thu\u1eadn ti\u1ec7n, gi\u00e1 c\u1ea3 ph\u1ea3i ch\u0103ng v\u00e0 an to\u00e0n.","publisher":{"@id":"https:\/\/floridareprofreedom.org\/#organization"},"potentialAction":[{"@type":"SearchAction","target":{"@type":"EntryPoint","urlTemplate":"https:\/\/floridareprofreedom.org\/?s={search_term_string}"},"query-input":{"@type":"PropertyValueSpecification","valueRequired":true,"valueName":"search_term_string"}}],"inLanguage":"vi"},{"@type":"Organization","@id":"https:\/\/floridareprofreedom.org\/#organization","name":"Ng\u01b0\u1eddi Florida v\u00ec T\u1ef1 do Sinh s\u1ea3n","url":"https:\/\/floridareprofreedom.org\/","logo":{"@type":"ImageObject","inLanguage":"vi","@id":"https:\/\/floridareprofreedom.org\/#\/schema\/logo\/image\/","url":"https:\/\/floridareprofreedom.org\/wp-content\/uploads\/2019\/05\/Untitled.jpg","contentUrl":"https:\/\/floridareprofreedom.org\/wp-content\/uploads\/2019\/05\/Untitled.jpg","width":174,"height":180,"caption":"Floridians for Reproductive Freedom"},"image":{"@id":"https:\/\/floridareprofreedom.org\/#\/schema\/logo\/image\/"},"sameAs":["https:\/\/www.facebook.com\/FloridaReproFreedom\/","https:\/\/x.com\/FLReproFreedom","https:\/\/www.instagram.com\/floridareprofreedom\/"]},{"@type":"Person","@id":"https:\/\/floridareprofreedom.org\/#\/schema\/person\/06cd4e7049bee74dc9bebadc0402516c","name":"Amy Weintraub","image":{"@type":"ImageObject","inLanguage":"vi","@id":"https:\/\/secure.gravatar.com\/avatar\/9a483688fae75a6f730c9b85f0823a5e6a6859914ce3f03840bc17f320ab460b?s=96&d=mm&r=g","url":"https:\/\/secure.gravatar.com\/avatar\/9a483688fae75a6f730c9b85f0823a5e6a6859914ce3f03840bc17f320ab460b?s=96&d=mm&r=g","contentUrl":"https:\/\/secure.gravatar.com\/avatar\/9a483688fae75a6f730c9b85f0823a5e6a6859914ce3f03840bc17f320ab460b?s=96&d=mm&r=g","caption":"Amy Weintraub"},"url":"https:\/\/floridareprofreedom.org\/vi\/author\/amy-weintraub\/"}]}},"_links":{"self":[{"href":"https:\/\/floridareprofreedom.org\/vi\/wp-json\/wp\/v2\/posts\/2169","targetHints":{"allow":["GET"]}}],"collection":[{"href":"https:\/\/floridareprofreedom.org\/vi\/wp-json\/wp\/v2\/posts"}],"about":[{"href":"https:\/\/floridareprofreedom.org\/vi\/wp-json\/wp\/v2\/types\/post"}],"author":[{"embeddable":true,"href":"https:\/\/floridareprofreedom.org\/vi\/wp-json\/wp\/v2\/users\/3"}],"replies":[{"embeddable":true,"href":"https:\/\/floridareprofreedom.org\/vi\/wp-json\/wp\/v2\/comments?post=2169"}],"version-history":[{"count":1,"href":"https:\/\/floridareprofreedom.org\/vi\/wp-json\/wp\/v2\/posts\/2169\/revisions"}],"predecessor-version":[{"id":2172,"href":"https:\/\/floridareprofreedom.org\/vi\/wp-json\/wp\/v2\/posts\/2169\/revisions\/2172"}],"wp:attachment":[{"href":"https:\/\/floridareprofreedom.org\/vi\/wp-json\/wp\/v2\/media?parent=2169"}],"wp:term":[{"taxonomy":"category","embeddable":true,"href":"https:\/\/floridareprofreedom.org\/vi\/wp-json\/wp\/v2\/categories?post=2169"},{"taxonomy":"post_tag","embeddable":true,"href":"https:\/\/floridareprofreedom.org\/vi\/wp-json\/wp\/v2\/tags?post=2169"}],"curies":[{"name":"wp","href":"https:\/\/api.w.org\/{rel}","templated":true}]}}