{"id":611,"date":"2019-05-03T11:43:08","date_gmt":"2019-05-03T11:43:08","guid":{"rendered":"https:\/\/floridareprofreedom.org\/?p=611"},"modified":"2019-05-03T11:43:08","modified_gmt":"2019-05-03T11:43:08","slug":"chinh-quyen-trump-hoan-thien-luat-phan-biet-doi-xu-trong-cham-soc-suc-khoe","status":"publish","type":"post","link":"https:\/\/floridareprofreedom.org\/vi\/2019\/05\/03\/trump-administration-finalizes-health-care-discrimination-rule\/","title":{"rendered":"Ch\u00ednh quy\u1ec1n Trump ho\u00e0n thi\u1ec7n Quy \u0111\u1ecbnh v\u1ec1 Ph\u00e2n bi\u1ec7t \u0111\u1ed1i x\u1eed trong Ch\u0103m s\u00f3c S\u1ee9c kh\u1ecfe"},"content":{"rendered":"<p>B\u1edfi Jessica Mason Pieklo<br \/>\nTin t\u1ee9c Rewire<br \/>\nQuy \u0111\u1ecbnh \u0111\u01b0\u1ee3c c\u00f4ng b\u1ed1 h\u00f4m th\u1ee9 n\u0103m s\u1ebd c\u1ea5p s\u1ef1 b\u1ea3o v\u1ec7 ph\u00e1p l\u00fd r\u1ed9ng r\u00e3i cho nh\u1eefng ng\u01b0\u1eddi t\u1eeb ch\u1ed1i d\u1ecbch v\u1ee5 ch\u0103m s\u00f3c s\u1ee9c kh\u1ecfe v\u00ec l\u00fd do t\u00f4n gi\u00e1o ho\u1eb7c l\u01b0\u01a1ng t\u00e2m.\u00a0<a href=\"https:\/\/rewire.news\/article\/2019\/05\/02\/trump-administration-finalizes-health-care-discrimination-rule\/\">\u0110\u1ecdc th\u00eam\u2026<\/a><\/p>","protected":false},"excerpt":{"rendered":"<p>Quy \u0111\u1ecbnh \u0111\u01b0\u1ee3c c\u00f4ng b\u1ed1 h\u00f4m th\u1ee9 n\u0103m s\u1ebd c\u1ea5p s\u1ef1 b\u1ea3o v\u1ec7 ph\u00e1p l\u00fd r\u1ed9ng r\u00e3i cho nh\u1eefng ng\u01b0\u1eddi t\u1eeb ch\u1ed1i d\u1ecbch v\u1ee5 ch\u0103m s\u00f3c s\u1ee9c kh\u1ecfe v\u00ec l\u00fd do t\u00f4n gi\u00e1o ho\u1eb7c l\u01b0\u01a1ng t\u00e2m.<\/p>","protected":false},"author":3,"featured_media":0,"comment_status":"closed","ping_status":"closed","sticky":false,"template":"","format":"standard","meta":{"footnotes":""},"categories":[4],"tags":[],"class_list":["post-611","post","type-post","status-publish","format-standard","hentry","category-news"],"yoast_head":"<!-- This site is optimized with the Yoast SEO plugin v27.4 - https:\/\/yoast.com\/product\/yoast-seo-wordpress\/ -->\n<title>Trump Administration Finalizes Health-Care Discrimination Rule - Floridians For Reproductive Freedom<\/title>\n<meta name=\"robots\" content=\"index, follow, max-snippet:-1, max-image-preview:large, max-video-preview:-1\" \/>\n<link rel=\"canonical\" href=\"https:\/\/floridareprofreedom.org\/vi\/2019\/05\/03\/chinh-quyen-trump-hoan-thien-luat-phan-biet-doi-xu-trong-cham-soc-suc-khoe\/\" \/>\n<meta property=\"og:locale\" content=\"vi_VN\" \/>\n<meta property=\"og:type\" content=\"article\" \/>\n<meta property=\"og:title\" content=\"Trump Administration Finalizes Health-Care Discrimination Rule - Floridians For Reproductive Freedom\" \/>\n<meta property=\"og:description\" content=\"The rule released Thursday would grant wide legal protections to those who refuse health-care services based on their religious or conscience objections.\" \/>\n<meta property=\"og:url\" content=\"https:\/\/floridareprofreedom.org\/vi\/2019\/05\/03\/chinh-quyen-trump-hoan-thien-luat-phan-biet-doi-xu-trong-cham-soc-suc-khoe\/\" \/>\n<meta property=\"og:site_name\" content=\"Floridians For Reproductive Freedom\" \/>\n<meta property=\"article:publisher\" content=\"https:\/\/www.facebook.com\/FloridaReproFreedom\/\" \/>\n<meta property=\"article:published_time\" content=\"2019-05-03T11:43:08+00:00\" \/>\n<meta name=\"author\" content=\"Amy Weintraub\" \/>\n<meta name=\"twitter:card\" content=\"summary_large_image\" \/>\n<meta name=\"twitter:creator\" content=\"@FLReproFreedom\" \/>\n<meta name=\"twitter:site\" content=\"@FLReproFreedom\" \/>\n<meta name=\"twitter:label1\" content=\"\u0110\u01b0\u1ee3c vi\u1ebft b\u1edfi\" \/>\n\t<meta name=\"twitter:data1\" content=\"Amy Weintraub\" \/>\n<script type=\"application\/ld+json\" class=\"yoast-schema-graph\">{\"@context\":\"https:\\\/\\\/schema.org\",\"@graph\":[{\"@type\":\"Article\",\"@id\":\"https:\\\/\\\/floridareprofreedom.org\\\/2019\\\/05\\\/03\\\/trump-administration-finalizes-health-care-discrimination-rule\\\/#article\",\"isPartOf\":{\"@id\":\"https:\\\/\\\/floridareprofreedom.org\\\/2019\\\/05\\\/03\\\/trump-administration-finalizes-health-care-discrimination-rule\\\/\"},\"author\":{\"name\":\"Amy Weintraub\",\"@id\":\"https:\\\/\\\/floridareprofreedom.org\\\/#\\\/schema\\\/person\\\/06cd4e7049bee74dc9bebadc0402516c\"},\"headline\":\"Trump Administration Finalizes Health-Care Discrimination Rule\",\"datePublished\":\"2019-05-03T11:43:08+00:00\",\"mainEntityOfPage\":{\"@id\":\"https:\\\/\\\/floridareprofreedom.org\\\/2019\\\/05\\\/03\\\/trump-administration-finalizes-health-care-discrimination-rule\\\/\"},\"wordCount\":36,\"publisher\":{\"@id\":\"https:\\\/\\\/floridareprofreedom.org\\\/#organization\"},\"articleSection\":[\"Latest News\"],\"inLanguage\":\"vi\"},{\"@type\":\"WebPage\",\"@id\":\"https:\\\/\\\/floridareprofreedom.org\\\/2019\\\/05\\\/03\\\/trump-administration-finalizes-health-care-discrimination-rule\\\/\",\"url\":\"https:\\\/\\\/floridareprofreedom.org\\\/2019\\\/05\\\/03\\\/trump-administration-finalizes-health-care-discrimination-rule\\\/\",\"name\":\"Trump Administration Finalizes Health-Care Discrimination Rule - Floridians For Reproductive Freedom\",\"isPartOf\":{\"@id\":\"https:\\\/\\\/floridareprofreedom.org\\\/#website\"},\"datePublished\":\"2019-05-03T11:43:08+00:00\",\"breadcrumb\":{\"@id\":\"https:\\\/\\\/floridareprofreedom.org\\\/2019\\\/05\\\/03\\\/trump-administration-finalizes-health-care-discrimination-rule\\\/#breadcrumb\"},\"inLanguage\":\"vi\",\"potentialAction\":[{\"@type\":\"ReadAction\",\"target\":[\"https:\\\/\\\/floridareprofreedom.org\\\/2019\\\/05\\\/03\\\/trump-administration-finalizes-health-care-discrimination-rule\\\/\"]}]},{\"@type\":\"BreadcrumbList\",\"@id\":\"https:\\\/\\\/floridareprofreedom.org\\\/2019\\\/05\\\/03\\\/trump-administration-finalizes-health-care-discrimination-rule\\\/#breadcrumb\",\"itemListElement\":[{\"@type\":\"ListItem\",\"position\":1,\"name\":\"Home\",\"item\":\"https:\\\/\\\/floridareprofreedom.org\\\/\"},{\"@type\":\"ListItem\",\"position\":2,\"name\":\"Trump Administration Finalizes Health-Care Discrimination Rule\"}]},{\"@type\":\"WebSite\",\"@id\":\"https:\\\/\\\/floridareprofreedom.org\\\/#website\",\"url\":\"https:\\\/\\\/floridareprofreedom.org\\\/\",\"name\":\"Floridians For Reproductive Freedom\",\"description\":\"Advocating for convenient, affordable, and safe access to reproductive health care, including abortion.\",\"publisher\":{\"@id\":\"https:\\\/\\\/floridareprofreedom.org\\\/#organization\"},\"potentialAction\":[{\"@type\":\"SearchAction\",\"target\":{\"@type\":\"EntryPoint\",\"urlTemplate\":\"https:\\\/\\\/floridareprofreedom.org\\\/?s={search_term_string}\"},\"query-input\":{\"@type\":\"PropertyValueSpecification\",\"valueRequired\":true,\"valueName\":\"search_term_string\"}}],\"inLanguage\":\"vi\"},{\"@type\":\"Organization\",\"@id\":\"https:\\\/\\\/floridareprofreedom.org\\\/#organization\",\"name\":\"Floridians for Reproductive Freedom\",\"url\":\"https:\\\/\\\/floridareprofreedom.org\\\/\",\"logo\":{\"@type\":\"ImageObject\",\"inLanguage\":\"vi\",\"@id\":\"https:\\\/\\\/floridareprofreedom.org\\\/#\\\/schema\\\/logo\\\/image\\\/\",\"url\":\"https:\\\/\\\/floridareprofreedom.org\\\/wp-content\\\/uploads\\\/2019\\\/05\\\/Untitled.jpg\",\"contentUrl\":\"https:\\\/\\\/floridareprofreedom.org\\\/wp-content\\\/uploads\\\/2019\\\/05\\\/Untitled.jpg\",\"width\":174,\"height\":180,\"caption\":\"Floridians for Reproductive Freedom\"},\"image\":{\"@id\":\"https:\\\/\\\/floridareprofreedom.org\\\/#\\\/schema\\\/logo\\\/image\\\/\"},\"sameAs\":[\"https:\\\/\\\/www.facebook.com\\\/FloridaReproFreedom\\\/\",\"https:\\\/\\\/x.com\\\/FLReproFreedom\",\"https:\\\/\\\/www.instagram.com\\\/floridareprofreedom\\\/\"]},{\"@type\":\"Person\",\"@id\":\"https:\\\/\\\/floridareprofreedom.org\\\/#\\\/schema\\\/person\\\/06cd4e7049bee74dc9bebadc0402516c\",\"name\":\"Amy Weintraub\",\"image\":{\"@type\":\"ImageObject\",\"inLanguage\":\"vi\",\"@id\":\"https:\\\/\\\/secure.gravatar.com\\\/avatar\\\/9a483688fae75a6f730c9b85f0823a5e6a6859914ce3f03840bc17f320ab460b?s=96&d=mm&r=g\",\"url\":\"https:\\\/\\\/secure.gravatar.com\\\/avatar\\\/9a483688fae75a6f730c9b85f0823a5e6a6859914ce3f03840bc17f320ab460b?s=96&d=mm&r=g\",\"contentUrl\":\"https:\\\/\\\/secure.gravatar.com\\\/avatar\\\/9a483688fae75a6f730c9b85f0823a5e6a6859914ce3f03840bc17f320ab460b?s=96&d=mm&r=g\",\"caption\":\"Amy Weintraub\"},\"url\":\"https:\\\/\\\/floridareprofreedom.org\\\/vi\\\/author\\\/amy-weintraub\\\/\"}]}<\/script>\n<!-- \/ Yoast SEO plugin. -->","yoast_head_json":{"title":"Ch\u00ednh quy\u1ec1n Trump ho\u00e0n thi\u1ec7n lu\u1eadt ch\u1ed1ng ph\u00e2n bi\u1ec7t \u0111\u1ed1i x\u1eed trong ch\u0103m s\u00f3c s\u1ee9c kh\u1ecfe - Ng\u01b0\u1eddi Florida v\u00ec quy\u1ec1n t\u1ef1 do sinh s\u1ea3n","robots":{"index":"index","follow":"follow","max-snippet":"max-snippet:-1","max-image-preview":"max-image-preview:large","max-video-preview":"max-video-preview:-1"},"canonical":"https:\/\/floridareprofreedom.org\/vi\/2019\/05\/03\/chinh-quyen-trump-hoan-thien-luat-phan-biet-doi-xu-trong-cham-soc-suc-khoe\/","og_locale":"vi_VN","og_type":"article","og_title":"Trump Administration Finalizes Health-Care Discrimination Rule - Floridians For Reproductive Freedom","og_description":"The rule released Thursday would grant wide legal protections to those who refuse health-care services based on their religious or conscience objections.","og_url":"https:\/\/floridareprofreedom.org\/vi\/2019\/05\/03\/chinh-quyen-trump-hoan-thien-luat-phan-biet-doi-xu-trong-cham-soc-suc-khoe\/","og_site_name":"Floridians For Reproductive Freedom","article_publisher":"https:\/\/www.facebook.com\/FloridaReproFreedom\/","article_published_time":"2019-05-03T11:43:08+00:00","author":"Amy Weintraub","twitter_card":"summary_large_image","twitter_creator":"@FLReproFreedom","twitter_site":"@FLReproFreedom","twitter_misc":{"\u0110\u01b0\u1ee3c vi\u1ebft b\u1edfi":"Amy Weintraub"},"schema":{"@context":"https:\/\/schema.org","@graph":[{"@type":"Article","@id":"https:\/\/floridareprofreedom.org\/2019\/05\/03\/trump-administration-finalizes-health-care-discrimination-rule\/#article","isPartOf":{"@id":"https:\/\/floridareprofreedom.org\/2019\/05\/03\/trump-administration-finalizes-health-care-discrimination-rule\/"},"author":{"name":"Amy Weintraub","@id":"https:\/\/floridareprofreedom.org\/#\/schema\/person\/06cd4e7049bee74dc9bebadc0402516c"},"headline":"Trump Administration Finalizes Health-Care Discrimination Rule","datePublished":"2019-05-03T11:43:08+00:00","mainEntityOfPage":{"@id":"https:\/\/floridareprofreedom.org\/2019\/05\/03\/trump-administration-finalizes-health-care-discrimination-rule\/"},"wordCount":36,"publisher":{"@id":"https:\/\/floridareprofreedom.org\/#organization"},"articleSection":["Latest News"],"inLanguage":"vi"},{"@type":"WebPage","@id":"https:\/\/floridareprofreedom.org\/2019\/05\/03\/trump-administration-finalizes-health-care-discrimination-rule\/","url":"https:\/\/floridareprofreedom.org\/2019\/05\/03\/trump-administration-finalizes-health-care-discrimination-rule\/","name":"Ch\u00ednh quy\u1ec1n Trump ho\u00e0n thi\u1ec7n lu\u1eadt ch\u1ed1ng ph\u00e2n bi\u1ec7t \u0111\u1ed1i x\u1eed trong ch\u0103m s\u00f3c s\u1ee9c kh\u1ecfe - Ng\u01b0\u1eddi Florida v\u00ec quy\u1ec1n t\u1ef1 do sinh s\u1ea3n","isPartOf":{"@id":"https:\/\/floridareprofreedom.org\/#website"},"datePublished":"2019-05-03T11:43:08+00:00","breadcrumb":{"@id":"https:\/\/floridareprofreedom.org\/2019\/05\/03\/trump-administration-finalizes-health-care-discrimination-rule\/#breadcrumb"},"inLanguage":"vi","potentialAction":[{"@type":"ReadAction","target":["https:\/\/floridareprofreedom.org\/2019\/05\/03\/trump-administration-finalizes-health-care-discrimination-rule\/"]}]},{"@type":"BreadcrumbList","@id":"https:\/\/floridareprofreedom.org\/2019\/05\/03\/trump-administration-finalizes-health-care-discrimination-rule\/#breadcrumb","itemListElement":[{"@type":"ListItem","position":1,"name":"Home","item":"https:\/\/floridareprofreedom.org\/"},{"@type":"ListItem","position":2,"name":"Trump Administration Finalizes Health-Care Discrimination Rule"}]},{"@type":"WebSite","@id":"https:\/\/floridareprofreedom.org\/#website","url":"https:\/\/floridareprofreedom.org\/","name":"Ng\u01b0\u1eddi Florida v\u00ec T\u1ef1 do Sinh s\u1ea3n","description":"V\u1eadn \u0111\u1ed9ng cho vi\u1ec7c ti\u1ebfp c\u1eadn d\u1ecbch v\u1ee5 ch\u0103m s\u00f3c s\u1ee9c kh\u1ecfe sinh s\u1ea3n, bao g\u1ed3m c\u1ea3 ph\u00e1 thai, m\u1ed9t c\u00e1ch thu\u1eadn ti\u1ec7n, gi\u00e1 c\u1ea3 ph\u1ea3i ch\u0103ng v\u00e0 an to\u00e0n.","publisher":{"@id":"https:\/\/floridareprofreedom.org\/#organization"},"potentialAction":[{"@type":"SearchAction","target":{"@type":"EntryPoint","urlTemplate":"https:\/\/floridareprofreedom.org\/?s={search_term_string}"},"query-input":{"@type":"PropertyValueSpecification","valueRequired":true,"valueName":"search_term_string"}}],"inLanguage":"vi"},{"@type":"Organization","@id":"https:\/\/floridareprofreedom.org\/#organization","name":"Ng\u01b0\u1eddi Florida v\u00ec T\u1ef1 do Sinh s\u1ea3n","url":"https:\/\/floridareprofreedom.org\/","logo":{"@type":"ImageObject","inLanguage":"vi","@id":"https:\/\/floridareprofreedom.org\/#\/schema\/logo\/image\/","url":"https:\/\/floridareprofreedom.org\/wp-content\/uploads\/2019\/05\/Untitled.jpg","contentUrl":"https:\/\/floridareprofreedom.org\/wp-content\/uploads\/2019\/05\/Untitled.jpg","width":174,"height":180,"caption":"Floridians for Reproductive Freedom"},"image":{"@id":"https:\/\/floridareprofreedom.org\/#\/schema\/logo\/image\/"},"sameAs":["https:\/\/www.facebook.com\/FloridaReproFreedom\/","https:\/\/x.com\/FLReproFreedom","https:\/\/www.instagram.com\/floridareprofreedom\/"]},{"@type":"Person","@id":"https:\/\/floridareprofreedom.org\/#\/schema\/person\/06cd4e7049bee74dc9bebadc0402516c","name":"Amy Weintraub","image":{"@type":"ImageObject","inLanguage":"vi","@id":"https:\/\/secure.gravatar.com\/avatar\/9a483688fae75a6f730c9b85f0823a5e6a6859914ce3f03840bc17f320ab460b?s=96&d=mm&r=g","url":"https:\/\/secure.gravatar.com\/avatar\/9a483688fae75a6f730c9b85f0823a5e6a6859914ce3f03840bc17f320ab460b?s=96&d=mm&r=g","contentUrl":"https:\/\/secure.gravatar.com\/avatar\/9a483688fae75a6f730c9b85f0823a5e6a6859914ce3f03840bc17f320ab460b?s=96&d=mm&r=g","caption":"Amy Weintraub"},"url":"https:\/\/floridareprofreedom.org\/vi\/author\/amy-weintraub\/"}]}},"_links":{"self":[{"href":"https:\/\/floridareprofreedom.org\/vi\/wp-json\/wp\/v2\/posts\/611","targetHints":{"allow":["GET"]}}],"collection":[{"href":"https:\/\/floridareprofreedom.org\/vi\/wp-json\/wp\/v2\/posts"}],"about":[{"href":"https:\/\/floridareprofreedom.org\/vi\/wp-json\/wp\/v2\/types\/post"}],"author":[{"embeddable":true,"href":"https:\/\/floridareprofreedom.org\/vi\/wp-json\/wp\/v2\/users\/3"}],"replies":[{"embeddable":true,"href":"https:\/\/floridareprofreedom.org\/vi\/wp-json\/wp\/v2\/comments?post=611"}],"version-history":[{"count":1,"href":"https:\/\/floridareprofreedom.org\/vi\/wp-json\/wp\/v2\/posts\/611\/revisions"}],"predecessor-version":[{"id":612,"href":"https:\/\/floridareprofreedom.org\/vi\/wp-json\/wp\/v2\/posts\/611\/revisions\/612"}],"wp:attachment":[{"href":"https:\/\/floridareprofreedom.org\/vi\/wp-json\/wp\/v2\/media?parent=611"}],"wp:term":[{"taxonomy":"category","embeddable":true,"href":"https:\/\/floridareprofreedom.org\/vi\/wp-json\/wp\/v2\/categories?post=611"},{"taxonomy":"post_tag","embeddable":true,"href":"https:\/\/floridareprofreedom.org\/vi\/wp-json\/wp\/v2\/tags?post=611"}],"curies":[{"name":"wp","href":"https:\/\/api.w.org\/{rel}","templated":true}]}}