{"id":681,"date":"2019-06-28T14:32:04","date_gmt":"2019-06-28T14:32:04","guid":{"rendered":"https:\/\/floridareprofreedom.org\/?p=681"},"modified":"2019-06-28T14:32:04","modified_gmt":"2019-06-28T14:32:04","slug":"tong-hop-14","status":"publish","type":"post","link":"https:\/\/floridareprofreedom.org\/vi\/2019\/06\/28\/roundup-14\/","title":{"rendered":"Tin t\u1ee9c t\u1ed5ng h\u1ee3p v\u1ec1 Quy\u1ec1n sinh s\u1ea3n \u2013 21\/6\/2019"},"content":{"rendered":"<p><a href=\"https:\/\/www.apnews.com\/34102f73ff45488da6b6ff453ffe19dc\">\u0110\u1ea3ng D\u00e2n ch\u1ee7 n\u0103m 2020 m\u1ea1nh m\u1ebd b\u1ea3o v\u1ec7 quy\u1ec1n ph\u00e1 thai t\u1ea1i di\u1ec5n \u0111\u00e0n<\/a><br \/>\nB\u1edfi Will Weissert<br \/>\nTh\u00f4ng t\u1ea5n x\u00e3<br \/>\nHai m\u01b0\u01a1i \u1ee9ng c\u1eed vi\u00ean t\u1ed5ng th\u1ed1ng \u0111\u1ea3ng D\u00e2n ch\u1ee7 tham d\u1ef1 di\u1ec5n \u0111\u00e0n Planned Parenthood v\u00e0o th\u1ee9 B\u1ea3y \u0111\u00e3 tuy\u00ean b\u1ed1 s\u1ebd b\u1ea3o v\u1ec7 quy\u1ec1n ph\u00e1 thai trong h\u1ea7u h\u1ebft m\u1ecdi tr\u01b0\u1eddng h\u1ee3p, \u0111\u1ed3ng th\u1eddi ph\u1ea7n l\u1edbn b\u1ecf qua nh\u1eefng s\u1eafc th\u00e1i xung quanh v\u1ea5n \u0111\u1ec1 \u0111\u00e3 khi\u1ebfn \u0111\u1ea3ng c\u1ee7a h\u1ecd b\u1ea5t b\u00ecnh tr\u01b0\u1edbc cu\u1ed9c b\u1ea7u c\u1eed n\u0103m 2020.<\/p>\n<p><a href=\"https:\/\/www.vox.com\/policy-and-politics\/2019\/6\/28\/18942612\/democratic-debate-june-2019-2020-kirsten-gillibrand\">Kirsten Gillibrand \u0111\u00e3 cho \u0111\u1ed1i th\u1ee7 c\u1ee7a m\u00ecnh m\u1ed9t b\u00e0i h\u1ecdc l\u1ecbch s\u1eed v\u1ec1 ch\u00ednh tr\u1ecb ph\u00e1 thai t\u1ea1i cu\u1ed9c tranh lu\u1eadn<\/a><br \/>\nB\u1edfi Anna North<br \/>\nVox<br \/>\nNhi\u1ec1u \u1ee9ng c\u1eed vi\u00ean trong cu\u1ed9c tranh lu\u1eadn c\u1ee7a \u0110\u1ea3ng D\u00e2n ch\u1ee7 tu\u1ea7n n\u00e0y \u0111\u00e3 n\u00f3i v\u1ec1 t\u01b0\u01a1ng lai c\u1ee7a quy\u1ec1n ph\u00e1 thai \u1edf M\u1ef9. Nh\u01b0ng Th\u01b0\u1ee3ng ngh\u1ecb s\u0129 Kirsten Gillibrand l\u00e0 m\u1ed9t trong s\u1ed1 \u00edt ng\u01b0\u1eddi n\u00f3i v\u1ec1 l\u1ecbch s\u1eed c\u1ee7a v\u1ea5n \u0111\u1ec1 n\u00e0y.<\/p>\n<p><a href=\"https:\/\/www.vox.com\/2019\/6\/26\/18760661\/democratic-debate-june-2019-2020-klobuchar-inslee\">Amy Klobuchar \u0111\u00e3 ch\u1ec9 tr\u00edch Jay Inslee v\u1ec1 quy\u1ec1n ph\u00e1 thai t\u1ea1i cu\u1ed9c tranh lu\u1eadn c\u1ee7a \u0111\u1ea3ng D\u00e2n ch\u1ee7<\/a><br \/>\nB\u1edfi Anna North<br \/>\nVox<br \/>\nTh\u1ed1ng \u0111\u1ed1c Jay Inslee c\u00f3 th\u1ec3 \u0111\u00e3 ngh\u0129 r\u1eb1ng m\u00ecnh \u0111ang ghi \u0111i\u1ec3m v\u1edbi c\u00e1c c\u1eed tri n\u1eef khi t\u1ef1 phong m\u00ecnh l\u00e0 ng\u01b0\u1eddi b\u1ea3o v\u1ec7 quy\u1ec1n ph\u00e1 thai xu\u1ea5t s\u1eafc nh\u1ea5t tr\u00ean s\u00e2n kh\u1ea5u tranh lu\u1eadn t\u1ed1i th\u1ee9 T\u01b0. Thay v\u00e0o \u0111\u00f3, \u00f4ng l\u1ea1i m\u1edf \u0111\u01b0\u1eddng cho m\u1ed9t \u0111\u1ed1i th\u1ee7 n\u1eef h\u1ea1 b\u1ec7 m\u00ecnh.<\/p>\n<p><a href=\"https:\/\/www.cnbc.com\/2019\/06\/25\/joe-biden-will-have-to-defend-record-on-womens-rights-in-dem-debate.html\">Th\u00e0nh t\u00edch c\u1ee7a Joe Biden v\u1ec1 c\u00e1c v\u1ea5n \u0111\u1ec1 ph\u1ee5 n\u1eef c\u00f3 th\u1ec3 l\u00e0 t\u00e2m \u0111i\u1ec3m trong cu\u1ed9c tranh lu\u1eadn c\u1ee7a \u0111\u1ea3ng D\u00e2n ch\u1ee7 tu\u1ea7n n\u00e0y<\/a><br \/>\nB\u1edfi Tucker Higgins<br \/>\nCNBC<br \/>\nJoe Biden c\u00f3 th\u1ec3 ph\u1ea3i \u0111\u1ed1i m\u1eb7t v\u1edbi m\u1ed9t s\u1ed1 c\u00e2u h\u1ecfi kh\u00f3 ch\u1ecbu v\u1ec1 th\u00e0nh t\u00edch c\u1ee7a \u00f4ng \u0111\u1ed1i v\u1edbi ph\u1ee5 n\u1eef trong tu\u1ea7n n\u00e0y t\u1ea1i cu\u1ed9c tranh lu\u1eadn t\u1ed5ng th\u1ed1ng \u0111\u1ea7u ti\u00ean c\u1ee7a \u0111\u1ea3ng D\u00e2n ch\u1ee7.<\/p>\n<p><a href=\"https:\/\/floridapolitics.com\/archives\/299835-anti-abortion-group-poll-says-joe-bidens-flip-could-cost-him-in-general\">Cu\u1ed9c th\u0103m d\u00f2 c\u1ee7a nh\u00f3m ch\u1ed1ng ph\u00e1 thai cho bi\u1ebft s\u1ef1 thay \u0111\u1ed5i quan \u0111i\u1ec3m c\u1ee7a Joe Biden c\u00f3 th\u1ec3 khi\u1ebfn \u00f4ng ph\u1ea3i tr\u1ea3 gi\u00e1.<\/a><br \/>\nB\u1edfi Scott Powers<br \/>\nCh\u00ednh tr\u1ecb Florida<br \/>\nM\u1ed9t cu\u1ed9c th\u0103m d\u00f2 m\u1edbi do nh\u00f3m ch\u1ed1ng ph\u00e1 thai Susan B. Anthony List \u1ee7y quy\u1ec1n cho th\u1ea5y s\u1ef1 thay \u0111\u1ed5i quan \u0111i\u1ec3m g\u1ea7n \u0111\u00e2y c\u1ee7a \u1ee9ng c\u1eed vi\u00ean t\u1ed5ng th\u1ed1ng \u0111\u1ea3ng D\u00e2n ch\u1ee7 Joe Biden v\u1ec1 v\u1ea5n \u0111\u1ec1 ng\u00e2n s\u00e1ch li\u00ean bang cho ph\u00e1 thai c\u00f3 th\u1ec3 khi\u1ebfn \u00f4ng m\u1ea5t phi\u1ebfu b\u1ea7u trong cu\u1ed9c t\u1ed5ng tuy\u1ec3n c\u1eed.<\/p>\n<p><a href=\"https:\/\/www.snntv.com\/story\/40692301\/planned-parenthood-reacts-to-title-x-ruling\">Planned Parenthood ph\u1ea3n \u1ee9ng v\u1edbi ph\u00e1n quy\u1ebft c\u1ee7a Title X<\/a><br \/>\nB\u1edfi Samantha Sonner<br \/>\nM\u1ea1ng l\u01b0\u1edbi tin t\u1ee9c Suncoast<br \/>\nC\u00e1c t\u1ed5 ch\u1ee9c Planned Parenthood tr\u00ean kh\u1eafp c\u1ea3 n\u01b0\u1edbc \u0111ang c\u00f3 nguy c\u01a1 m\u1ea5t ngu\u1ed3n t\u00e0i tr\u1ee3 do ph\u00e1n quy\u1ebft m\u1edbi c\u1ee7a t\u00f2a \u00e1n.<\/p>\n<p><a href=\"https:\/\/www.floridaphoenix.com\/blog\/gov-desantis-backs-law-allowing-expansion-of-questionable-health-insurance-policies\/\">Th\u1ed1ng \u0111\u1ed1c DeSantis k\u00fd lu\u1eadt cho ph\u00e9p m\u1edf r\u1ed9ng c\u00e1c ch\u00ednh s\u00e1ch b\u1ea3o hi\u1ec3m y t\u1ebf \u0111\u00e1ng ng\u1edd<\/a><br \/>\nB\u1edfi Lloyd Dunkelberger<br \/>\nFlorida Phoenix<br \/>\nLu\u1eadt m\u1edbi m\u00e0 Th\u1ed1ng \u0111\u1ed1c Ron DeSantis k\u00fd tu\u1ea7n n\u00e0y c\u00f3 th\u1ec3 s\u1ebd m\u1edf r\u1ed9ng vi\u1ec7c s\u1eed d\u1ee5ng c\u00e1c ch\u00ednh s\u00e1ch b\u1ea3o hi\u1ec3m y t\u1ebf ng\u1eafn h\u1ea1n, c\u00f3 ph\u1ea1m vi b\u1ea3o hi\u1ec3m h\u1ea1n ch\u1ebf v\u00e0 c\u00f3 th\u1ec3 kh\u00f4ng bao g\u1ed3m c\u00e1c t\u00ecnh tr\u1ea1ng b\u1ec7nh l\u00fd \u0111\u00e3 c\u00f3 t\u1eeb tr\u01b0\u1edbc.<\/p>\n<p><a href=\"https:\/\/health.wusf.usf.edu\/post\/medicaid-retroactive-eligibility-plan-approved#stream\/0\">K\u1ebf ho\u1ea1ch \u0111\u1ee7 \u0111i\u1ec1u ki\u1ec7n h\u1ed3i t\u1ed1 Medicaid \u0111\u00e3 \u0111\u01b0\u1ee3c ch\u1ea5p thu\u1eadn<\/a><br \/>\nB\u1edfi Christine Sexton<br \/>\nD\u1ecbch v\u1ee5 tin t\u1ee9c c\u1ee7a Florida<br \/>\n\u0110\u1ed9ng th\u00e1i x\u00f3a b\u1ecf th\u1eddi h\u1ea1n \u0111\u1ee7 \u0111i\u1ec1u ki\u1ec7n h\u01b0\u1edfng Medicaid h\u1ed3i t\u1ed1 90 ng\u00e0y s\u1ebd ti\u1ebfp t\u1ee5c trong \u00edt nh\u1ea5t m\u1ed9t n\u0103m n\u1eefa.<\/p>\n<p><a href=\"https:\/\/www.guttmacher.org\/article\/2019\/06\/states-lead-way-promoting-coverage-abortion-medicaid-and-private-insurance\">C\u00e1c ti\u1ec3u bang d\u1eabn \u0111\u1ea7u trong vi\u1ec7c th\u00fac \u0111\u1ea9y ph\u1ea1m vi b\u1ea3o hi\u1ec3m ph\u00e1 thai trong Medicaid v\u00e0 b\u1ea3o hi\u1ec3m t\u01b0 nh\u00e2n<\/a><br \/>\nB\u1edfi Adam Sonfield v\u00e0 Elizabeth Nash<br \/>\nVi\u1ec7n Guttmacher<br \/>\nNh\u1eefng ng\u01b0\u1eddi \u1ee7ng h\u1ed9 v\u00e0 ho\u1ea1ch \u0111\u1ecbnh ch\u00ednh s\u00e1ch n\u1ed7 l\u1ef1c \u0111\u1ea3m b\u1ea3o m\u1ecdi ng\u01b0\u1eddi \u0111\u1ec1u c\u00f3 th\u1ec3 chi tr\u1ea3 cho vi\u1ec7c ph\u00e1 thai \u0111\u00e3 \u0111\u1ea1t \u0111\u01b0\u1ee3c m\u1ed9t s\u1ed1 chi\u1ebfn th\u1eafng quan tr\u1ecdng ch\u1ec9 trong v\u00e0i ng\u00e0y:<\/p>\n<p><a href=\"https:\/\/www.gainesville.com\/news\/20190626\/planned-parenthood-offers-free-hiv-tests?fbclid=IwAR3r9RH-Xj6Xp-Re-CvnuqwufNnaVDBC1BS9belD2gX3PA6PdX-lW2tFBM0\">Planned Parenthood cung c\u1ea5p x\u00e9t nghi\u1ec7m HIV mi\u1ec5n ph\u00ed<\/a><br \/>\nB\u00e1o c\u00e1o c\u1ee7a nh\u00e2n vi\u00ean<br \/>\nGainesville Sun<br \/>\nPlanned Parenthood s\u1ebd k\u1ef7 ni\u1ec7m Ng\u00e0y x\u00e9t nghi\u1ec7m HIV qu\u1ed1c gia v\u00e0o th\u1ee9 n\u0103m b\u1eb1ng c\u00e1ch cung c\u1ea5p d\u1ecbch v\u1ee5 x\u00e9t nghi\u1ec7m HIV mi\u1ec5n ph\u00ed.<\/p>","protected":false},"excerpt":{"rendered":"<p>B\u1ea3n tin t\u00f3m t\u1eaft c\u1ee7a ch\u00fang t\u00f4i \u0111\u01b0\u1ee3c \u0111\u0103ng v\u00e0o m\u1ed7i th\u1ee9 s\u00e1u gi\u00fap nh\u1eefng ng\u01b0\u1eddi \u1ee7ng h\u1ed9 quy\u1ec1n sinh s\u1ea3n c\u1eadp nh\u1eadt nh\u1eefng tin t\u1ee9c m\u1edbi nh\u1ea5t v\u1ec1 v\u1ea5n \u0111\u1ec1 sinh s\u1ea3n t\u1ea1i Florida v\u00e0 tr\u00ean to\u00e0n qu\u1ed1c.<\/p>","protected":false},"author":3,"featured_media":0,"comment_status":"closed","ping_status":"closed","sticky":false,"template":"","format":"standard","meta":{"footnotes":""},"categories":[4],"tags":[],"class_list":["post-681","post","type-post","status-publish","format-standard","hentry","category-news"],"yoast_head":"<!-- This site is optimized with the Yoast SEO plugin v27.4 - https:\/\/yoast.com\/product\/yoast-seo-wordpress\/ -->\n<title>Reproductive Rights News Roundup - 6\/21\/2019 - Floridians For Reproductive Freedom<\/title>\n<meta name=\"robots\" content=\"index, follow, max-snippet:-1, max-image-preview:large, max-video-preview:-1\" \/>\n<link rel=\"canonical\" href=\"https:\/\/floridareprofreedom.org\/vi\/2019\/06\/28\/tong-hop-14\/\" \/>\n<meta property=\"og:locale\" content=\"vi_VN\" \/>\n<meta property=\"og:type\" content=\"article\" \/>\n<meta property=\"og:title\" content=\"Reproductive Rights News Roundup - 6\/21\/2019 - Floridians For Reproductive Freedom\" \/>\n<meta property=\"og:description\" content=\"Out every Friday, our news roundup helps reproductive rights advocates stay up to speed on the top repro stories out of Florida and the nation.\" \/>\n<meta property=\"og:url\" content=\"https:\/\/floridareprofreedom.org\/vi\/2019\/06\/28\/tong-hop-14\/\" \/>\n<meta property=\"og:site_name\" content=\"Floridians For Reproductive Freedom\" \/>\n<meta property=\"article:publisher\" content=\"https:\/\/www.facebook.com\/FloridaReproFreedom\/\" \/>\n<meta property=\"article:published_time\" content=\"2019-06-28T14:32:04+00:00\" \/>\n<meta name=\"author\" content=\"Amy Weintraub\" \/>\n<meta name=\"twitter:card\" content=\"summary_large_image\" \/>\n<meta name=\"twitter:creator\" content=\"@FLReproFreedom\" \/>\n<meta name=\"twitter:site\" content=\"@FLReproFreedom\" \/>\n<meta name=\"twitter:label1\" content=\"\u0110\u01b0\u1ee3c vi\u1ebft b\u1edfi\" \/>\n\t<meta name=\"twitter:data1\" content=\"Amy Weintraub\" \/>\n\t<meta name=\"twitter:label2\" content=\"\u01af\u1edbc t\u00ednh th\u1eddi gian \u0111\u1ecdc\" \/>\n\t<meta name=\"twitter:data2\" content=\"2 ph\u00fat\" \/>\n<script type=\"application\/ld+json\" class=\"yoast-schema-graph\">{\"@context\":\"https:\\\/\\\/schema.org\",\"@graph\":[{\"@type\":\"Article\",\"@id\":\"https:\\\/\\\/floridareprofreedom.org\\\/2019\\\/06\\\/28\\\/roundup-14\\\/#article\",\"isPartOf\":{\"@id\":\"https:\\\/\\\/floridareprofreedom.org\\\/2019\\\/06\\\/28\\\/roundup-14\\\/\"},\"author\":{\"name\":\"Amy Weintraub\",\"@id\":\"https:\\\/\\\/floridareprofreedom.org\\\/#\\\/schema\\\/person\\\/06cd4e7049bee74dc9bebadc0402516c\"},\"headline\":\"Reproductive Rights News Roundup &#8211; 6\\\/21\\\/2019\",\"datePublished\":\"2019-06-28T14:32:04+00:00\",\"mainEntityOfPage\":{\"@id\":\"https:\\\/\\\/floridareprofreedom.org\\\/2019\\\/06\\\/28\\\/roundup-14\\\/\"},\"wordCount\":434,\"publisher\":{\"@id\":\"https:\\\/\\\/floridareprofreedom.org\\\/#organization\"},\"articleSection\":[\"Latest News\"],\"inLanguage\":\"vi\"},{\"@type\":\"WebPage\",\"@id\":\"https:\\\/\\\/floridareprofreedom.org\\\/2019\\\/06\\\/28\\\/roundup-14\\\/\",\"url\":\"https:\\\/\\\/floridareprofreedom.org\\\/2019\\\/06\\\/28\\\/roundup-14\\\/\",\"name\":\"Reproductive Rights News Roundup - 6\\\/21\\\/2019 - Floridians For Reproductive Freedom\",\"isPartOf\":{\"@id\":\"https:\\\/\\\/floridareprofreedom.org\\\/#website\"},\"datePublished\":\"2019-06-28T14:32:04+00:00\",\"breadcrumb\":{\"@id\":\"https:\\\/\\\/floridareprofreedom.org\\\/2019\\\/06\\\/28\\\/roundup-14\\\/#breadcrumb\"},\"inLanguage\":\"vi\",\"potentialAction\":[{\"@type\":\"ReadAction\",\"target\":[\"https:\\\/\\\/floridareprofreedom.org\\\/2019\\\/06\\\/28\\\/roundup-14\\\/\"]}]},{\"@type\":\"BreadcrumbList\",\"@id\":\"https:\\\/\\\/floridareprofreedom.org\\\/2019\\\/06\\\/28\\\/roundup-14\\\/#breadcrumb\",\"itemListElement\":[{\"@type\":\"ListItem\",\"position\":1,\"name\":\"Home\",\"item\":\"https:\\\/\\\/floridareprofreedom.org\\\/\"},{\"@type\":\"ListItem\",\"position\":2,\"name\":\"Reproductive Rights News Roundup &#8211; 6\\\/21\\\/2019\"}]},{\"@type\":\"WebSite\",\"@id\":\"https:\\\/\\\/floridareprofreedom.org\\\/#website\",\"url\":\"https:\\\/\\\/floridareprofreedom.org\\\/\",\"name\":\"Floridians For Reproductive Freedom\",\"description\":\"Advocating for convenient, affordable, and safe access to reproductive health care, including abortion.\",\"publisher\":{\"@id\":\"https:\\\/\\\/floridareprofreedom.org\\\/#organization\"},\"potentialAction\":[{\"@type\":\"SearchAction\",\"target\":{\"@type\":\"EntryPoint\",\"urlTemplate\":\"https:\\\/\\\/floridareprofreedom.org\\\/?s={search_term_string}\"},\"query-input\":{\"@type\":\"PropertyValueSpecification\",\"valueRequired\":true,\"valueName\":\"search_term_string\"}}],\"inLanguage\":\"vi\"},{\"@type\":\"Organization\",\"@id\":\"https:\\\/\\\/floridareprofreedom.org\\\/#organization\",\"name\":\"Floridians for Reproductive Freedom\",\"url\":\"https:\\\/\\\/floridareprofreedom.org\\\/\",\"logo\":{\"@type\":\"ImageObject\",\"inLanguage\":\"vi\",\"@id\":\"https:\\\/\\\/floridareprofreedom.org\\\/#\\\/schema\\\/logo\\\/image\\\/\",\"url\":\"https:\\\/\\\/floridareprofreedom.org\\\/wp-content\\\/uploads\\\/2019\\\/05\\\/Untitled.jpg\",\"contentUrl\":\"https:\\\/\\\/floridareprofreedom.org\\\/wp-content\\\/uploads\\\/2019\\\/05\\\/Untitled.jpg\",\"width\":174,\"height\":180,\"caption\":\"Floridians for Reproductive Freedom\"},\"image\":{\"@id\":\"https:\\\/\\\/floridareprofreedom.org\\\/#\\\/schema\\\/logo\\\/image\\\/\"},\"sameAs\":[\"https:\\\/\\\/www.facebook.com\\\/FloridaReproFreedom\\\/\",\"https:\\\/\\\/x.com\\\/FLReproFreedom\",\"https:\\\/\\\/www.instagram.com\\\/floridareprofreedom\\\/\"]},{\"@type\":\"Person\",\"@id\":\"https:\\\/\\\/floridareprofreedom.org\\\/#\\\/schema\\\/person\\\/06cd4e7049bee74dc9bebadc0402516c\",\"name\":\"Amy Weintraub\",\"image\":{\"@type\":\"ImageObject\",\"inLanguage\":\"vi\",\"@id\":\"https:\\\/\\\/secure.gravatar.com\\\/avatar\\\/9a483688fae75a6f730c9b85f0823a5e6a6859914ce3f03840bc17f320ab460b?s=96&d=mm&r=g\",\"url\":\"https:\\\/\\\/secure.gravatar.com\\\/avatar\\\/9a483688fae75a6f730c9b85f0823a5e6a6859914ce3f03840bc17f320ab460b?s=96&d=mm&r=g\",\"contentUrl\":\"https:\\\/\\\/secure.gravatar.com\\\/avatar\\\/9a483688fae75a6f730c9b85f0823a5e6a6859914ce3f03840bc17f320ab460b?s=96&d=mm&r=g\",\"caption\":\"Amy Weintraub\"},\"url\":\"https:\\\/\\\/floridareprofreedom.org\\\/vi\\\/author\\\/amy-weintraub\\\/\"}]}<\/script>\n<!-- \/ Yoast SEO plugin. -->","yoast_head_json":{"title":"Tin t\u1ee9c t\u1ed5ng h\u1ee3p v\u1ec1 Quy\u1ec1n Sinh s\u1ea3n - 21\/6\/2019 - Ng\u01b0\u1eddi Florida V\u00ec T\u1ef1 do Sinh s\u1ea3n","robots":{"index":"index","follow":"follow","max-snippet":"max-snippet:-1","max-image-preview":"max-image-preview:large","max-video-preview":"max-video-preview:-1"},"canonical":"https:\/\/floridareprofreedom.org\/vi\/2019\/06\/28\/tong-hop-14\/","og_locale":"vi_VN","og_type":"article","og_title":"Reproductive Rights News Roundup - 6\/21\/2019 - Floridians For Reproductive Freedom","og_description":"Out every Friday, our news roundup helps reproductive rights advocates stay up to speed on the top repro stories out of Florida and the nation.","og_url":"https:\/\/floridareprofreedom.org\/vi\/2019\/06\/28\/tong-hop-14\/","og_site_name":"Floridians For Reproductive Freedom","article_publisher":"https:\/\/www.facebook.com\/FloridaReproFreedom\/","article_published_time":"2019-06-28T14:32:04+00:00","author":"Amy Weintraub","twitter_card":"summary_large_image","twitter_creator":"@FLReproFreedom","twitter_site":"@FLReproFreedom","twitter_misc":{"\u0110\u01b0\u1ee3c vi\u1ebft b\u1edfi":"Amy Weintraub","\u01af\u1edbc t\u00ednh th\u1eddi gian \u0111\u1ecdc":"2 ph\u00fat"},"schema":{"@context":"https:\/\/schema.org","@graph":[{"@type":"Article","@id":"https:\/\/floridareprofreedom.org\/2019\/06\/28\/roundup-14\/#article","isPartOf":{"@id":"https:\/\/floridareprofreedom.org\/2019\/06\/28\/roundup-14\/"},"author":{"name":"Amy Weintraub","@id":"https:\/\/floridareprofreedom.org\/#\/schema\/person\/06cd4e7049bee74dc9bebadc0402516c"},"headline":"Reproductive Rights News Roundup &#8211; 6\/21\/2019","datePublished":"2019-06-28T14:32:04+00:00","mainEntityOfPage":{"@id":"https:\/\/floridareprofreedom.org\/2019\/06\/28\/roundup-14\/"},"wordCount":434,"publisher":{"@id":"https:\/\/floridareprofreedom.org\/#organization"},"articleSection":["Latest News"],"inLanguage":"vi"},{"@type":"WebPage","@id":"https:\/\/floridareprofreedom.org\/2019\/06\/28\/roundup-14\/","url":"https:\/\/floridareprofreedom.org\/2019\/06\/28\/roundup-14\/","name":"Tin t\u1ee9c t\u1ed5ng h\u1ee3p v\u1ec1 Quy\u1ec1n Sinh s\u1ea3n - 21\/6\/2019 - Ng\u01b0\u1eddi Florida V\u00ec T\u1ef1 do Sinh s\u1ea3n","isPartOf":{"@id":"https:\/\/floridareprofreedom.org\/#website"},"datePublished":"2019-06-28T14:32:04+00:00","breadcrumb":{"@id":"https:\/\/floridareprofreedom.org\/2019\/06\/28\/roundup-14\/#breadcrumb"},"inLanguage":"vi","potentialAction":[{"@type":"ReadAction","target":["https:\/\/floridareprofreedom.org\/2019\/06\/28\/roundup-14\/"]}]},{"@type":"BreadcrumbList","@id":"https:\/\/floridareprofreedom.org\/2019\/06\/28\/roundup-14\/#breadcrumb","itemListElement":[{"@type":"ListItem","position":1,"name":"Home","item":"https:\/\/floridareprofreedom.org\/"},{"@type":"ListItem","position":2,"name":"Reproductive Rights News Roundup &#8211; 6\/21\/2019"}]},{"@type":"WebSite","@id":"https:\/\/floridareprofreedom.org\/#website","url":"https:\/\/floridareprofreedom.org\/","name":"Ng\u01b0\u1eddi Florida v\u00ec T\u1ef1 do Sinh s\u1ea3n","description":"V\u1eadn \u0111\u1ed9ng cho vi\u1ec7c ti\u1ebfp c\u1eadn d\u1ecbch v\u1ee5 ch\u0103m s\u00f3c s\u1ee9c kh\u1ecfe sinh s\u1ea3n, bao g\u1ed3m c\u1ea3 ph\u00e1 thai, m\u1ed9t c\u00e1ch thu\u1eadn ti\u1ec7n, gi\u00e1 c\u1ea3 ph\u1ea3i ch\u0103ng v\u00e0 an to\u00e0n.","publisher":{"@id":"https:\/\/floridareprofreedom.org\/#organization"},"potentialAction":[{"@type":"SearchAction","target":{"@type":"EntryPoint","urlTemplate":"https:\/\/floridareprofreedom.org\/?s={search_term_string}"},"query-input":{"@type":"PropertyValueSpecification","valueRequired":true,"valueName":"search_term_string"}}],"inLanguage":"vi"},{"@type":"Organization","@id":"https:\/\/floridareprofreedom.org\/#organization","name":"Ng\u01b0\u1eddi Florida v\u00ec T\u1ef1 do Sinh s\u1ea3n","url":"https:\/\/floridareprofreedom.org\/","logo":{"@type":"ImageObject","inLanguage":"vi","@id":"https:\/\/floridareprofreedom.org\/#\/schema\/logo\/image\/","url":"https:\/\/floridareprofreedom.org\/wp-content\/uploads\/2019\/05\/Untitled.jpg","contentUrl":"https:\/\/floridareprofreedom.org\/wp-content\/uploads\/2019\/05\/Untitled.jpg","width":174,"height":180,"caption":"Floridians for Reproductive Freedom"},"image":{"@id":"https:\/\/floridareprofreedom.org\/#\/schema\/logo\/image\/"},"sameAs":["https:\/\/www.facebook.com\/FloridaReproFreedom\/","https:\/\/x.com\/FLReproFreedom","https:\/\/www.instagram.com\/floridareprofreedom\/"]},{"@type":"Person","@id":"https:\/\/floridareprofreedom.org\/#\/schema\/person\/06cd4e7049bee74dc9bebadc0402516c","name":"Amy Weintraub","image":{"@type":"ImageObject","inLanguage":"vi","@id":"https:\/\/secure.gravatar.com\/avatar\/9a483688fae75a6f730c9b85f0823a5e6a6859914ce3f03840bc17f320ab460b?s=96&d=mm&r=g","url":"https:\/\/secure.gravatar.com\/avatar\/9a483688fae75a6f730c9b85f0823a5e6a6859914ce3f03840bc17f320ab460b?s=96&d=mm&r=g","contentUrl":"https:\/\/secure.gravatar.com\/avatar\/9a483688fae75a6f730c9b85f0823a5e6a6859914ce3f03840bc17f320ab460b?s=96&d=mm&r=g","caption":"Amy Weintraub"},"url":"https:\/\/floridareprofreedom.org\/vi\/author\/amy-weintraub\/"}]}},"_links":{"self":[{"href":"https:\/\/floridareprofreedom.org\/vi\/wp-json\/wp\/v2\/posts\/681","targetHints":{"allow":["GET"]}}],"collection":[{"href":"https:\/\/floridareprofreedom.org\/vi\/wp-json\/wp\/v2\/posts"}],"about":[{"href":"https:\/\/floridareprofreedom.org\/vi\/wp-json\/wp\/v2\/types\/post"}],"author":[{"embeddable":true,"href":"https:\/\/floridareprofreedom.org\/vi\/wp-json\/wp\/v2\/users\/3"}],"replies":[{"embeddable":true,"href":"https:\/\/floridareprofreedom.org\/vi\/wp-json\/wp\/v2\/comments?post=681"}],"version-history":[{"count":1,"href":"https:\/\/floridareprofreedom.org\/vi\/wp-json\/wp\/v2\/posts\/681\/revisions"}],"predecessor-version":[{"id":682,"href":"https:\/\/floridareprofreedom.org\/vi\/wp-json\/wp\/v2\/posts\/681\/revisions\/682"}],"wp:attachment":[{"href":"https:\/\/floridareprofreedom.org\/vi\/wp-json\/wp\/v2\/media?parent=681"}],"wp:term":[{"taxonomy":"category","embeddable":true,"href":"https:\/\/floridareprofreedom.org\/vi\/wp-json\/wp\/v2\/categories?post=681"},{"taxonomy":"post_tag","embeddable":true,"href":"https:\/\/floridareprofreedom.org\/vi\/wp-json\/wp\/v2\/tags?post=681"}],"curies":[{"name":"wp","href":"https:\/\/api.w.org\/{rel}","templated":true}]}}